{"id":3205,"date":"2018-03-15T09:29:53","date_gmt":"2018-03-15T08:29:53","guid":{"rendered":"http:\/\/blogs.cpnl.cat\/sarriaambgracia\/?p=3205"},"modified":"2018-03-15T09:39:42","modified_gmt":"2018-03-15T08:39:42","slug":"interessant-ruta-gitana-per-la-vila-de-gracia","status":"publish","type":"post","link":"https:\/\/blogs.cpnl.cat\/sarriaambgracia\/?p=3205","title":{"rendered":"Interessant ruta gitana de la Vila de Gr\u00e0cia"},"content":{"rendered":"<p>El dimecres 14 de mar\u00e7, a les 18.30 h, va tenir lloc una ruta gitana per la Vila de Gr\u00e0cia. Va comen\u00e7ar a la pla\u00e7a de la Vila i va ser condu\u00efda per Ricard Valent\u00ed, president de l&#8217;Associaci\u00f3 de Joves Gitanos de Gr\u00e0cia. Va explicar la hist\u00f2ria del poble gitano, com vivien i els llocs on es reunien. La pla\u00e7a del Gato P\u00e9rez, el carrer Fraternitat on va n\u00e9ixer Moncho i el Pescadilla,\u00a0 l&#8217;esgl\u00e9sia evang\u00e8lica dels gitanos, la pla\u00e7a del Raspall i el carrer Igualada van ser els llocs m\u00e9s emblem\u00e0tics que es van visitar. La ruta va acabar a l&#8217;Associaci\u00f3 de Joves Gitanos, al carrer Igualada, on es els alumnes van poder fer preguntes i una foto de grup.<\/p>\n<p>Encara va quedar temps i van anar al Centre Artes\u00e0 Tradicion\u00e0rius on Jordi F\u00e0bregas va fer-los una visita guiada i van poder veure alguns dels tallers que s&#8217;hi estaven fent. Van acabar assistint a les Vespres del CAT amb Marcel Caselles.<\/p>\n<p><iframe loading=\"lazy\" style=\"border: none;\" src=\"https:\/\/s3.amazonaws.com\/files.photosnack.com\/iframejs\/widget.html?hash=pdn8w5m3d&amp;t=1521095102\" width=\"100%\" height=\"100%\" allowfullscreen=\"allowfullscreen\"><\/iframe><\/p>\n","protected":false},"excerpt":{"rendered":"<p>El dimecres 14 de mar\u00e7, a les 18.30 h, va tenir lloc una ruta gitana per la Vila de Gr\u00e0cia. Va comen\u00e7ar a la pla\u00e7a de la Vila i va ser condu\u00efda per Ricard Valent\u00ed, president de l&#8217;Associaci\u00f3 de Joves Gitanos de Gr\u00e0cia. Va explicar la hist\u00f2ria del poble gitano, com vivien i els llocs [&hellip;]<\/p>\n","protected":false},"author":412,"featured_media":0,"comment_status":"open","ping_status":"closed","sticky":false,"template":"","format":"standard","meta":{"ngg_post_thumbnail":0,"footnotes":""},"categories":[6],"tags":[],"class_list":["post-3205","post","type-post","status-publish","format-standard","hentry","category-general"],"_links":{"self":[{"href":"https:\/\/blogs.cpnl.cat\/sarriaambgracia\/index.php?rest_route=\/wp\/v2\/posts\/3205","targetHints":{"allow":["GET"]}}],"collection":[{"href":"https:\/\/blogs.cpnl.cat\/sarriaambgracia\/index.php?rest_route=\/wp\/v2\/posts"}],"about":[{"href":"https:\/\/blogs.cpnl.cat\/sarriaambgracia\/index.php?rest_route=\/wp\/v2\/types\/post"}],"author":[{"embeddable":true,"href":"https:\/\/blogs.cpnl.cat\/sarriaambgracia\/index.php?rest_route=\/wp\/v2\/users\/412"}],"replies":[{"embeddable":true,"href":"https:\/\/blogs.cpnl.cat\/sarriaambgracia\/index.php?rest_route=%2Fwp%2Fv2%2Fcomments&post=3205"}],"version-history":[{"count":0,"href":"https:\/\/blogs.cpnl.cat\/sarriaambgracia\/index.php?rest_route=\/wp\/v2\/posts\/3205\/revisions"}],"wp:attachment":[{"href":"https:\/\/blogs.cpnl.cat\/sarriaambgracia\/index.php?rest_route=%2Fwp%2Fv2%2Fmedia&parent=3205"}],"wp:term":[{"taxonomy":"category","embeddable":true,"href":"https:\/\/blogs.cpnl.cat\/sarriaambgracia\/index.php?rest_route=%2Fwp%2Fv2%2Fcategories&post=3205"},{"taxonomy":"post_tag","embeddable":true,"href":"https:\/\/blogs.cpnl.cat\/sarriaambgracia\/index.php?rest_route=%2Fwp%2Fv2%2Ftags&post=3205"}],"curies":[{"name":"wp","href":"https:\/\/api.w.org\/{rel}","templated":true}]}}