{"id":3207,"date":"2018-03-16T14:24:10","date_gmt":"2018-03-16T13:24:10","guid":{"rendered":"http:\/\/blogs.cpnl.cat\/sarriaambgracia\/?p=3207"},"modified":"2018-03-19T14:25:01","modified_gmt":"2018-03-19T13:25:01","slug":"latencio-telefonica-de-loptimot-ara-amb-el-012","status":"publish","type":"post","link":"https:\/\/blogs.cpnl.cat\/sarriaambgracia\/?p=3207","title":{"rendered":"L&#8217;atenci\u00f3 telef\u00f2nica de l&#8217;Optimot, ara amb el 012"},"content":{"rendered":"<div class=\"js-tweet-text-container\">\n<p>A partir del 15 de mar\u00e7 de 2018, l\u2019atenci\u00f3 telef\u00f2nica del Servei d\u2019atenci\u00f3 personalitzada de l\u2019Optimot passa a vehicular-se mitjan\u00e7ant el tel\u00e8fon 012, que concentra tota l\u2019atenci\u00f3 ciutadana de la Generalitat.<\/p>\n<div class=\"basic_text_peq pd-15\">\n<p>L\u2019Optimot s\u2019afegeix a la pol\u00edtica corporativa de simplificaci\u00f3 de l\u2019atenci\u00f3 telef\u00f2nica, per facilitar als usuaris l\u2019acc\u00e9s al seu Servei d\u2019atenci\u00f3 personalitzada amb un tel\u00e8fon f\u00e0cil de recordar i que t\u00e9 un cost equivalent a una trucada de tarifa plana, sense l\u00edmit de temps.<\/p>\n<\/div>\n<p><a href=\"http:\/\/llengua.gencat.cat\/ca\/detalls\/noticia\/Latencio-telefonica-de-lOptimot-ara-amb-el-012\">http:\/\/llengua.gencat.cat\/ca\/detalls\/noticia\/Latencio-telefonica-de-lOptimot-ara-amb-el-012<\/a><\/p>\n<\/div>\n<div class=\"card2 js-media-container \" data-card2-name=\"summary_large_image\">\n<div class=\"js-macaw-cards-iframe-container card-type-summary_large_image\" data-src=\"\/i\/cards\/tfw\/v1\/974541670959128579?cardname=summary_large_image&amp;autoplay_disabled=true&amp;forward=true&amp;earned=true&amp;edge=true&amp;lang=es\" data-card-name=\"summary_large_image\" data-card-url=\"https:\/\/t.co\/j9MlvFRyOG\" data-publisher-id=\"27477225\" data-creator-id=\"\" data-amplify-content-id=\"\" data-amplify-playlist-url=\"\" data-full-card-iframe-url=\"\/i\/cards\/tfw\/v1\/974541670959128579?cardname=summary_large_image&amp;autoplay_disabled=true&amp;earned=true&amp;edge=true&amp;lang=es\" data-has-autoplayable-media=\"false\" data-watched=\"true\">\u00a0<img loading=\"lazy\" decoding=\"async\" class=\"widthResponsive\" src=\"http:\/\/llengua.gencat.cat\/web\/.content\/actualitat\/2018\/imatges\/2018.03.15_Optimot.JPG_86829963.jpg\" alt=\"Optimot\" width=\"337\" height=\"205\" \/><\/div>\n<\/div>\n","protected":false},"excerpt":{"rendered":"<p>A partir del 15 de mar\u00e7 de 2018, l\u2019atenci\u00f3 telef\u00f2nica del Servei d\u2019atenci\u00f3 personalitzada de l\u2019Optimot passa a vehicular-se mitjan\u00e7ant el tel\u00e8fon 012, que concentra tota l\u2019atenci\u00f3 ciutadana de la Generalitat. L\u2019Optimot s\u2019afegeix a la pol\u00edtica corporativa de simplificaci\u00f3 de l\u2019atenci\u00f3 telef\u00f2nica, per facilitar als usuaris l\u2019acc\u00e9s al seu Servei d\u2019atenci\u00f3 personalitzada amb un tel\u00e8fon [&hellip;]<\/p>\n","protected":false},"author":412,"featured_media":0,"comment_status":"open","ping_status":"closed","sticky":false,"template":"","format":"standard","meta":{"ngg_post_thumbnail":0,"footnotes":""},"categories":[6],"tags":[],"class_list":["post-3207","post","type-post","status-publish","format-standard","hentry","category-general"],"_links":{"self":[{"href":"https:\/\/blogs.cpnl.cat\/sarriaambgracia\/index.php?rest_route=\/wp\/v2\/posts\/3207","targetHints":{"allow":["GET"]}}],"collection":[{"href":"https:\/\/blogs.cpnl.cat\/sarriaambgracia\/index.php?rest_route=\/wp\/v2\/posts"}],"about":[{"href":"https:\/\/blogs.cpnl.cat\/sarriaambgracia\/index.php?rest_route=\/wp\/v2\/types\/post"}],"author":[{"embeddable":true,"href":"https:\/\/blogs.cpnl.cat\/sarriaambgracia\/index.php?rest_route=\/wp\/v2\/users\/412"}],"replies":[{"embeddable":true,"href":"https:\/\/blogs.cpnl.cat\/sarriaambgracia\/index.php?rest_route=%2Fwp%2Fv2%2Fcomments&post=3207"}],"version-history":[{"count":0,"href":"https:\/\/blogs.cpnl.cat\/sarriaambgracia\/index.php?rest_route=\/wp\/v2\/posts\/3207\/revisions"}],"wp:attachment":[{"href":"https:\/\/blogs.cpnl.cat\/sarriaambgracia\/index.php?rest_route=%2Fwp%2Fv2%2Fmedia&parent=3207"}],"wp:term":[{"taxonomy":"category","embeddable":true,"href":"https:\/\/blogs.cpnl.cat\/sarriaambgracia\/index.php?rest_route=%2Fwp%2Fv2%2Fcategories&post=3207"},{"taxonomy":"post_tag","embeddable":true,"href":"https:\/\/blogs.cpnl.cat\/sarriaambgracia\/index.php?rest_route=%2Fwp%2Fv2%2Ftags&post=3207"}],"curies":[{"name":"wp","href":"https:\/\/api.w.org\/{rel}","templated":true}]}}