{"id":3210,"date":"2018-03-22T09:44:33","date_gmt":"2018-03-22T08:44:33","guid":{"rendered":"http:\/\/blogs.cpnl.cat\/sarriaambgracia\/?p=3210"},"modified":"2018-03-22T14:19:52","modified_gmt":"2018-03-22T13:19:52","slug":"visita-a-lexposicio-montserrat-roig-1977-memoria-i-utopia","status":"publish","type":"post","link":"https:\/\/blogs.cpnl.cat\/sarriaambgracia\/?p=3210","title":{"rendered":"Visita a l&#8217;exposici\u00f3 &#8220;Montserrat Roig, 1977. Mem\u00f2ria i utopia&#8221;"},"content":{"rendered":"<p>El grup de nivell I2 de la Rosabel va visitar el 21 de mar\u00e7 l&#8217;exposici\u00f3 &#8220;Montserrat Roig, 1977. Mem\u00f2ria i utopia&#8221; al Born Centre de Cultura i Mem\u00f2ria.<\/p>\n<p>L\u2019exposici\u00f3, comissariada per Manuel Guerrero, compta amb la col\u00b7laboraci\u00f3 de l\u2019artista Francesc Abad i la fot\u00f2grafa Pilar Aymerich. Mitjan\u00e7ant m\u00e9s de 300 documents originals, imatges i llibres, l\u2019exposici\u00f3 i les activitats programades proposen de revisar i repensar les obres de Montserrat Roig d\u2019aquells anys, que tingueren un impacte cultural i social molt destacat.<\/p>\n<p><a href=\"https:\/\/blogs.cpnl.cat\/sarriaambgracia\/files\/2018\/03\/IMG-20180322-WA0004.jpg\"><img loading=\"lazy\" decoding=\"async\" class=\"alignnone wp-image-3211\" src=\"https:\/\/blogs.cpnl.cat\/sarriaambgracia\/files\/2018\/03\/IMG-20180322-WA0004-300x225.jpg\" alt=\"\" width=\"224\" height=\"168\" srcset=\"https:\/\/blogs.cpnl.cat\/sarriaambgracia\/files\/2018\/03\/IMG-20180322-WA0004-300x225.jpg 300w, https:\/\/blogs.cpnl.cat\/sarriaambgracia\/files\/2018\/03\/IMG-20180322-WA0004-768x576.jpg 768w, https:\/\/blogs.cpnl.cat\/sarriaambgracia\/files\/2018\/03\/IMG-20180322-WA0004-1024x768.jpg 1024w, https:\/\/blogs.cpnl.cat\/sarriaambgracia\/files\/2018\/03\/IMG-20180322-WA0004.jpg 1600w\" sizes=\"auto, (max-width: 224px) 100vw, 224px\" \/><\/a> <a href=\"https:\/\/blogs.cpnl.cat\/sarriaambgracia\/files\/2018\/03\/IMG-20180322-WA0002.jpg\"><img loading=\"lazy\" decoding=\"async\" class=\"alignnone wp-image-3212\" src=\"https:\/\/blogs.cpnl.cat\/sarriaambgracia\/files\/2018\/03\/IMG-20180322-WA0002-300x225.jpg\" alt=\"\" width=\"223\" height=\"167\" srcset=\"https:\/\/blogs.cpnl.cat\/sarriaambgracia\/files\/2018\/03\/IMG-20180322-WA0002-300x225.jpg 300w, https:\/\/blogs.cpnl.cat\/sarriaambgracia\/files\/2018\/03\/IMG-20180322-WA0002-768x576.jpg 768w, https:\/\/blogs.cpnl.cat\/sarriaambgracia\/files\/2018\/03\/IMG-20180322-WA0002-1024x768.jpg 1024w, https:\/\/blogs.cpnl.cat\/sarriaambgracia\/files\/2018\/03\/IMG-20180322-WA0002.jpg 1600w\" sizes=\"auto, (max-width: 223px) 100vw, 223px\" \/><\/a><\/p>\n","protected":false},"excerpt":{"rendered":"<p>El grup de nivell I2 de la Rosabel va visitar el 21 de mar\u00e7 l&#8217;exposici\u00f3 &#8220;Montserrat Roig, 1977. Mem\u00f2ria i utopia&#8221; al Born Centre de Cultura i Mem\u00f2ria. L\u2019exposici\u00f3, comissariada per Manuel Guerrero, compta amb la col\u00b7laboraci\u00f3 de l\u2019artista Francesc Abad i la fot\u00f2grafa Pilar Aymerich. Mitjan\u00e7ant m\u00e9s de 300 documents originals, imatges i llibres, [&hellip;]<\/p>\n","protected":false},"author":412,"featured_media":0,"comment_status":"open","ping_status":"closed","sticky":false,"template":"","format":"standard","meta":{"ngg_post_thumbnail":0,"footnotes":""},"categories":[40148,6,77424],"tags":[],"class_list":["post-3210","post","type-post","status-publish","format-standard","hentry","category-exposicions","category-general","category-lespai-dels-professors"],"_links":{"self":[{"href":"https:\/\/blogs.cpnl.cat\/sarriaambgracia\/index.php?rest_route=\/wp\/v2\/posts\/3210","targetHints":{"allow":["GET"]}}],"collection":[{"href":"https:\/\/blogs.cpnl.cat\/sarriaambgracia\/index.php?rest_route=\/wp\/v2\/posts"}],"about":[{"href":"https:\/\/blogs.cpnl.cat\/sarriaambgracia\/index.php?rest_route=\/wp\/v2\/types\/post"}],"author":[{"embeddable":true,"href":"https:\/\/blogs.cpnl.cat\/sarriaambgracia\/index.php?rest_route=\/wp\/v2\/users\/412"}],"replies":[{"embeddable":true,"href":"https:\/\/blogs.cpnl.cat\/sarriaambgracia\/index.php?rest_route=%2Fwp%2Fv2%2Fcomments&post=3210"}],"version-history":[{"count":0,"href":"https:\/\/blogs.cpnl.cat\/sarriaambgracia\/index.php?rest_route=\/wp\/v2\/posts\/3210\/revisions"}],"wp:attachment":[{"href":"https:\/\/blogs.cpnl.cat\/sarriaambgracia\/index.php?rest_route=%2Fwp%2Fv2%2Fmedia&parent=3210"}],"wp:term":[{"taxonomy":"category","embeddable":true,"href":"https:\/\/blogs.cpnl.cat\/sarriaambgracia\/index.php?rest_route=%2Fwp%2Fv2%2Fcategories&post=3210"},{"taxonomy":"post_tag","embeddable":true,"href":"https:\/\/blogs.cpnl.cat\/sarriaambgracia\/index.php?rest_route=%2Fwp%2Fv2%2Ftags&post=3210"}],"curies":[{"name":"wp","href":"https:\/\/api.w.org\/{rel}","templated":true}]}}