{"id":3213,"date":"2018-03-19T09:38:41","date_gmt":"2018-03-19T08:38:41","guid":{"rendered":"http:\/\/blogs.cpnl.cat\/sarriaambgracia\/?p=3213"},"modified":"2018-03-23T09:38:56","modified_gmt":"2018-03-23T08:38:56","slug":"monoleg-tragicocomic-amb-text-de-montserrat-roig-a-gracia","status":"publish","type":"post","link":"https:\/\/blogs.cpnl.cat\/sarriaambgracia\/?p=3213","title":{"rendered":"Mon\u00f2leg tragicoc\u00f2mic amb text de Montserrat Roig a Gr\u00e0cia"},"content":{"rendered":"<div class=\"x_x_x_m_-8228979640822248303x_gmail_default\">Aquest cap de setmana l&#8217;actriu gracienca Teresa Puig,\u00a0directora de <a href=\"https:\/\/www.facebook.com\/lacasadelsconteslacasadeloscuentos\/\">La Casa dels Contes<\/a>,\u00a0estrena\u00a0un mon\u00f2leg de Montserrat Roig. Tindr\u00e0 lloc els divendres 23, el dissabte 24 i el diumenge 25 de mar\u00e7 a les 20 hores a la Casa dels Contes, al carrer de Ramon i\u00a0Cajal, 35.<\/div>\n<div class=\"x_x_x_m_-8228979640822248303x_gmail_default\"><\/div>\n<div class=\"x_x_x_m_-8228979640822248303x_gmail_default\">Les entrades generals valen 10 euros, per\u00f2\u00a0 l&#8217;alumnat dels cursos de catal\u00e0 gaudir\u00e0 d&#8217;un descompte de dos euros i, si \u00e9s un grup de m\u00e9s de quatre persones, de quatre euros.<\/div>\n<div><\/div>\n<div>Us animem a assistir a aquest homenatge a l&#8217;escriptora Montserrat Roig.<\/div>\n<div><\/div>\n<div class=\"x_x_x_m_-8228979640822248303x_gmail_default\"><\/div>\n","protected":false},"excerpt":{"rendered":"<p>Aquest cap de setmana l&#8217;actriu gracienca Teresa Puig,\u00a0directora de La Casa dels Contes,\u00a0estrena\u00a0un mon\u00f2leg de Montserrat Roig. Tindr\u00e0 lloc els divendres 23, el dissabte 24 i el diumenge 25 de mar\u00e7 a les 20 hores a la Casa dels Contes, al carrer de Ramon i\u00a0Cajal, 35. Les entrades generals valen 10 euros, per\u00f2\u00a0 l&#8217;alumnat dels [&hellip;]<\/p>\n","protected":false},"author":412,"featured_media":0,"comment_status":"open","ping_status":"closed","sticky":false,"template":"","format":"standard","meta":{"ngg_post_thumbnail":0,"footnotes":""},"categories":[140808,6,77424],"tags":[],"class_list":["post-3213","post","type-post","status-publish","format-standard","hentry","category-activitats-literaries-i-trobades-amb-autors","category-general","category-lespai-dels-professors"],"_links":{"self":[{"href":"https:\/\/blogs.cpnl.cat\/sarriaambgracia\/index.php?rest_route=\/wp\/v2\/posts\/3213","targetHints":{"allow":["GET"]}}],"collection":[{"href":"https:\/\/blogs.cpnl.cat\/sarriaambgracia\/index.php?rest_route=\/wp\/v2\/posts"}],"about":[{"href":"https:\/\/blogs.cpnl.cat\/sarriaambgracia\/index.php?rest_route=\/wp\/v2\/types\/post"}],"author":[{"embeddable":true,"href":"https:\/\/blogs.cpnl.cat\/sarriaambgracia\/index.php?rest_route=\/wp\/v2\/users\/412"}],"replies":[{"embeddable":true,"href":"https:\/\/blogs.cpnl.cat\/sarriaambgracia\/index.php?rest_route=%2Fwp%2Fv2%2Fcomments&post=3213"}],"version-history":[{"count":0,"href":"https:\/\/blogs.cpnl.cat\/sarriaambgracia\/index.php?rest_route=\/wp\/v2\/posts\/3213\/revisions"}],"wp:attachment":[{"href":"https:\/\/blogs.cpnl.cat\/sarriaambgracia\/index.php?rest_route=%2Fwp%2Fv2%2Fmedia&parent=3213"}],"wp:term":[{"taxonomy":"category","embeddable":true,"href":"https:\/\/blogs.cpnl.cat\/sarriaambgracia\/index.php?rest_route=%2Fwp%2Fv2%2Fcategories&post=3213"},{"taxonomy":"post_tag","embeddable":true,"href":"https:\/\/blogs.cpnl.cat\/sarriaambgracia\/index.php?rest_route=%2Fwp%2Fv2%2Ftags&post=3213"}],"curies":[{"name":"wp","href":"https:\/\/api.w.org\/{rel}","templated":true}]}}