{"id":3216,"date":"2018-04-03T08:00:37","date_gmt":"2018-04-03T07:00:37","guid":{"rendered":"http:\/\/blogs.cpnl.cat\/sarriaambgracia\/?p=3216"},"modified":"2018-04-17T13:54:26","modified_gmt":"2018-04-17T12:54:26","slug":"presentacio-exposicio-gelem-gelem","status":"publish","type":"post","link":"https:\/\/blogs.cpnl.cat\/sarriaambgracia\/?p=3216","title":{"rendered":"Presentaci\u00f3 exposici\u00f3 &#8220;Gelem, gelem&#8221;"},"content":{"rendered":"<p><span lang=\"ES-TRAD\"><span style=\"font-family: Calibri; font-size: medium;\">L&#8217;Associaci\u00f3 Joves Gitanos Gr\u00e0cia organitzen a La Violeta de Gr\u00e0cia l&#8217;exposici\u00f3 de fotos de gitanos catalans &#8220;Gelem, gelem&#8221;. <\/span><\/span><\/p>\n<p><span lang=\"ES-TRAD\"><span style=\"font-family: Calibri; font-size: medium;\">La inauguraci\u00f3 ser\u00e0 el <strong>4 d&#8217;abril<\/strong> a les <strong>18 hores<\/strong>.<\/span><\/span><b><span lang=\"ES-TRAD\"><span style=\"font-family: Calibri; font-size: medium;\"><br \/>\n<\/span><\/span><\/b><\/p>\n","protected":false},"excerpt":{"rendered":"<p>L&#8217;Associaci\u00f3 Joves Gitanos Gr\u00e0cia organitzen a La Violeta de Gr\u00e0cia l&#8217;exposici\u00f3 de fotos de gitanos catalans &#8220;Gelem, gelem&#8221;. La inauguraci\u00f3 ser\u00e0 el 4 d&#8217;abril a les 18 hores.<\/p>\n","protected":false},"author":412,"featured_media":0,"comment_status":"open","ping_status":"closed","sticky":false,"template":"","format":"standard","meta":{"ngg_post_thumbnail":0,"footnotes":""},"categories":[40148,6],"tags":[],"class_list":["post-3216","post","type-post","status-publish","format-standard","hentry","category-exposicions","category-general"],"_links":{"self":[{"href":"https:\/\/blogs.cpnl.cat\/sarriaambgracia\/index.php?rest_route=\/wp\/v2\/posts\/3216","targetHints":{"allow":["GET"]}}],"collection":[{"href":"https:\/\/blogs.cpnl.cat\/sarriaambgracia\/index.php?rest_route=\/wp\/v2\/posts"}],"about":[{"href":"https:\/\/blogs.cpnl.cat\/sarriaambgracia\/index.php?rest_route=\/wp\/v2\/types\/post"}],"author":[{"embeddable":true,"href":"https:\/\/blogs.cpnl.cat\/sarriaambgracia\/index.php?rest_route=\/wp\/v2\/users\/412"}],"replies":[{"embeddable":true,"href":"https:\/\/blogs.cpnl.cat\/sarriaambgracia\/index.php?rest_route=%2Fwp%2Fv2%2Fcomments&post=3216"}],"version-history":[{"count":0,"href":"https:\/\/blogs.cpnl.cat\/sarriaambgracia\/index.php?rest_route=\/wp\/v2\/posts\/3216\/revisions"}],"wp:attachment":[{"href":"https:\/\/blogs.cpnl.cat\/sarriaambgracia\/index.php?rest_route=%2Fwp%2Fv2%2Fmedia&parent=3216"}],"wp:term":[{"taxonomy":"category","embeddable":true,"href":"https:\/\/blogs.cpnl.cat\/sarriaambgracia\/index.php?rest_route=%2Fwp%2Fv2%2Fcategories&post=3216"},{"taxonomy":"post_tag","embeddable":true,"href":"https:\/\/blogs.cpnl.cat\/sarriaambgracia\/index.php?rest_route=%2Fwp%2Fv2%2Ftags&post=3216"}],"curies":[{"name":"wp","href":"https:\/\/api.w.org\/{rel}","templated":true}]}}