{"id":3217,"date":"2018-04-05T08:11:43","date_gmt":"2018-04-05T07:11:43","guid":{"rendered":"http:\/\/blogs.cpnl.cat\/sarriaambgracia\/?p=3217"},"modified":"2018-04-05T08:12:22","modified_gmt":"2018-04-05T07:12:22","slug":"interessant-exposicio-de-fotografies-a-la-violeta","status":"publish","type":"post","link":"https:\/\/blogs.cpnl.cat\/sarriaambgracia\/?p=3217","title":{"rendered":"Interessant exposici\u00f3 de fotografies a La Violeta"},"content":{"rendered":"<p>El dia 4 d&#8217;abril a la tarda el CNL de Barcelona, delegaci\u00f3 de Gr\u00e0cia i Sarri\u00e0-Sant Gervasi, va assistir a la inauguraci\u00f3 de l&#8217;exposici\u00f3 &#8220;Gelem gelem&#8221; de fotos de gitanos catalans a La Violeta de Gr\u00e0cia. La presentaci\u00f3 va anar a c\u00e0rrec de Ricard Valent\u00ed, president de l&#8217;Associaci\u00f3 de Joves Gitanos de Gr\u00e0cia, i la fot\u00f2grafa S\u00edlvia Ariza.<\/p>\n<p><a href=\"https:\/\/blogs.cpnl.cat\/sarriaambgracia\/files\/2018\/04\/IMG-20180404-WA0006.jpg\"><img loading=\"lazy\" decoding=\"async\" class=\"alignnone wp-image-3220\" src=\"https:\/\/blogs.cpnl.cat\/sarriaambgracia\/files\/2018\/04\/IMG-20180404-WA0006-300x225.jpg\" alt=\"\" width=\"164\" height=\"123\" srcset=\"https:\/\/blogs.cpnl.cat\/sarriaambgracia\/files\/2018\/04\/IMG-20180404-WA0006-300x225.jpg 300w, https:\/\/blogs.cpnl.cat\/sarriaambgracia\/files\/2018\/04\/IMG-20180404-WA0006-768x576.jpg 768w, https:\/\/blogs.cpnl.cat\/sarriaambgracia\/files\/2018\/04\/IMG-20180404-WA0006-1024x768.jpg 1024w, https:\/\/blogs.cpnl.cat\/sarriaambgracia\/files\/2018\/04\/IMG-20180404-WA0006.jpg 1599w\" sizes=\"auto, (max-width: 164px) 100vw, 164px\" \/>\u00a0<\/a><a href=\"https:\/\/blogs.cpnl.cat\/sarriaambgracia\/files\/2018\/04\/IMG-20180404-WA0003.jpg\"><img loading=\"lazy\" decoding=\"async\" class=\"alignnone wp-image-3219\" src=\"https:\/\/blogs.cpnl.cat\/sarriaambgracia\/files\/2018\/04\/IMG-20180404-WA0003-300x225.jpg\" alt=\"\" width=\"165\" height=\"124\" srcset=\"https:\/\/blogs.cpnl.cat\/sarriaambgracia\/files\/2018\/04\/IMG-20180404-WA0003-300x225.jpg 300w, https:\/\/blogs.cpnl.cat\/sarriaambgracia\/files\/2018\/04\/IMG-20180404-WA0003-768x576.jpg 768w, https:\/\/blogs.cpnl.cat\/sarriaambgracia\/files\/2018\/04\/IMG-20180404-WA0003-1024x768.jpg 1024w, https:\/\/blogs.cpnl.cat\/sarriaambgracia\/files\/2018\/04\/IMG-20180404-WA0003.jpg 1599w\" sizes=\"auto, (max-width: 165px) 100vw, 165px\" \/><\/a> <a href=\"https:\/\/blogs.cpnl.cat\/sarriaambgracia\/files\/2018\/04\/IMG-20180404-WA0004.jpg\"><img loading=\"lazy\" decoding=\"async\" class=\"alignnone wp-image-3218\" src=\"https:\/\/blogs.cpnl.cat\/sarriaambgracia\/files\/2018\/04\/IMG-20180404-WA0004-300x225.jpg\" alt=\"\" width=\"165\" height=\"124\" srcset=\"https:\/\/blogs.cpnl.cat\/sarriaambgracia\/files\/2018\/04\/IMG-20180404-WA0004-300x225.jpg 300w, https:\/\/blogs.cpnl.cat\/sarriaambgracia\/files\/2018\/04\/IMG-20180404-WA0004-768x576.jpg 768w, https:\/\/blogs.cpnl.cat\/sarriaambgracia\/files\/2018\/04\/IMG-20180404-WA0004-1024x768.jpg 1024w, https:\/\/blogs.cpnl.cat\/sarriaambgracia\/files\/2018\/04\/IMG-20180404-WA0004.jpg 1599w\" sizes=\"auto, (max-width: 165px) 100vw, 165px\" \/><\/a><\/p>\n","protected":false},"excerpt":{"rendered":"<p>El dia 4 d&#8217;abril a la tarda el CNL de Barcelona, delegaci\u00f3 de Gr\u00e0cia i Sarri\u00e0-Sant Gervasi, va assistir a la inauguraci\u00f3 de l&#8217;exposici\u00f3 &#8220;Gelem gelem&#8221; de fotos de gitanos catalans a La Violeta de Gr\u00e0cia. La presentaci\u00f3 va anar a c\u00e0rrec de Ricard Valent\u00ed, president de l&#8217;Associaci\u00f3 de Joves Gitanos de Gr\u00e0cia, i la [&hellip;]<\/p>\n","protected":false},"author":412,"featured_media":0,"comment_status":"open","ping_status":"closed","sticky":false,"template":"","format":"standard","meta":{"ngg_post_thumbnail":0,"footnotes":""},"categories":[40148,6,77424],"tags":[],"class_list":["post-3217","post","type-post","status-publish","format-standard","hentry","category-exposicions","category-general","category-lespai-dels-professors"],"_links":{"self":[{"href":"https:\/\/blogs.cpnl.cat\/sarriaambgracia\/index.php?rest_route=\/wp\/v2\/posts\/3217","targetHints":{"allow":["GET"]}}],"collection":[{"href":"https:\/\/blogs.cpnl.cat\/sarriaambgracia\/index.php?rest_route=\/wp\/v2\/posts"}],"about":[{"href":"https:\/\/blogs.cpnl.cat\/sarriaambgracia\/index.php?rest_route=\/wp\/v2\/types\/post"}],"author":[{"embeddable":true,"href":"https:\/\/blogs.cpnl.cat\/sarriaambgracia\/index.php?rest_route=\/wp\/v2\/users\/412"}],"replies":[{"embeddable":true,"href":"https:\/\/blogs.cpnl.cat\/sarriaambgracia\/index.php?rest_route=%2Fwp%2Fv2%2Fcomments&post=3217"}],"version-history":[{"count":0,"href":"https:\/\/blogs.cpnl.cat\/sarriaambgracia\/index.php?rest_route=\/wp\/v2\/posts\/3217\/revisions"}],"wp:attachment":[{"href":"https:\/\/blogs.cpnl.cat\/sarriaambgracia\/index.php?rest_route=%2Fwp%2Fv2%2Fmedia&parent=3217"}],"wp:term":[{"taxonomy":"category","embeddable":true,"href":"https:\/\/blogs.cpnl.cat\/sarriaambgracia\/index.php?rest_route=%2Fwp%2Fv2%2Fcategories&post=3217"},{"taxonomy":"post_tag","embeddable":true,"href":"https:\/\/blogs.cpnl.cat\/sarriaambgracia\/index.php?rest_route=%2Fwp%2Fv2%2Ftags&post=3217"}],"curies":[{"name":"wp","href":"https:\/\/api.w.org\/{rel}","templated":true}]}}