{"id":3226,"date":"2018-04-13T08:05:48","date_gmt":"2018-04-13T07:05:48","guid":{"rendered":"https:\/\/blogs.cpnl.cat\/sarriaambgracia\/?p=3226"},"modified":"2018-04-13T12:49:46","modified_gmt":"2018-04-13T11:49:46","slug":"sant-jordi-2018","status":"publish","type":"post","link":"https:\/\/blogs.cpnl.cat\/sarriaambgracia\/?p=3226","title":{"rendered":"Sant Jordi 2018"},"content":{"rendered":"<p>L&#8217;alumnat de la Delegaci\u00f3 de Gr\u00e0cia i Sarri\u00e0-Sant Gervasi far\u00e0 dues activitats diferents per celebrar conjuntament la diada de Sant Jordi:<\/p>\n<p><img loading=\"lazy\" decoding=\"async\" class=\"irc_mi alignleft\" src=\"http:\/\/cdn5.dibujos.net\/dibujos\/pintados\/201139\/e1e2b0283f3c21d556a0a9ac488dd62d.png\" alt=\"Imagen relacionada\" width=\"167\" height=\"155\" \/> <strong>Dilluns, 23 d&#8217;abril<\/strong><\/p>\n<p>De 10 a 14 h, els alumnes faran un gimcana per les diverses parades del centre de la ciutat.<\/p>\n<p>De 17.30 a 21.45 h, hi haur\u00e0 una parada d&#8217;intercanvi de llibres a c\u00e0rrec del professorat de l&#8217;Escola Rius i Taulet, on tot l&#8217;alumnat que vulgui podr\u00e0 dur-hi un llibre i intercanviar-lo per un altre.<\/p>\n","protected":false},"excerpt":{"rendered":"<p>L&#8217;alumnat de la Delegaci\u00f3 de Gr\u00e0cia i Sarri\u00e0-Sant Gervasi far\u00e0 dues activitats diferents per celebrar conjuntament la diada de Sant Jordi: Dilluns, 23 d&#8217;abril De 10 a 14 h, els alumnes faran un gimcana per les diverses parades del centre de la ciutat. De 17.30 a 21.45 h, hi haur\u00e0 una parada d&#8217;intercanvi de llibres [&hellip;]<\/p>\n","protected":false},"author":412,"featured_media":0,"comment_status":"open","ping_status":"closed","sticky":false,"template":"","format":"standard","meta":{"ngg_post_thumbnail":0,"footnotes":""},"categories":[140808,6,77424],"tags":[],"class_list":["post-3226","post","type-post","status-publish","format-standard","hentry","category-activitats-literaries-i-trobades-amb-autors","category-general","category-lespai-dels-professors"],"_links":{"self":[{"href":"https:\/\/blogs.cpnl.cat\/sarriaambgracia\/index.php?rest_route=\/wp\/v2\/posts\/3226","targetHints":{"allow":["GET"]}}],"collection":[{"href":"https:\/\/blogs.cpnl.cat\/sarriaambgracia\/index.php?rest_route=\/wp\/v2\/posts"}],"about":[{"href":"https:\/\/blogs.cpnl.cat\/sarriaambgracia\/index.php?rest_route=\/wp\/v2\/types\/post"}],"author":[{"embeddable":true,"href":"https:\/\/blogs.cpnl.cat\/sarriaambgracia\/index.php?rest_route=\/wp\/v2\/users\/412"}],"replies":[{"embeddable":true,"href":"https:\/\/blogs.cpnl.cat\/sarriaambgracia\/index.php?rest_route=%2Fwp%2Fv2%2Fcomments&post=3226"}],"version-history":[{"count":0,"href":"https:\/\/blogs.cpnl.cat\/sarriaambgracia\/index.php?rest_route=\/wp\/v2\/posts\/3226\/revisions"}],"wp:attachment":[{"href":"https:\/\/blogs.cpnl.cat\/sarriaambgracia\/index.php?rest_route=%2Fwp%2Fv2%2Fmedia&parent=3226"}],"wp:term":[{"taxonomy":"category","embeddable":true,"href":"https:\/\/blogs.cpnl.cat\/sarriaambgracia\/index.php?rest_route=%2Fwp%2Fv2%2Fcategories&post=3226"},{"taxonomy":"post_tag","embeddable":true,"href":"https:\/\/blogs.cpnl.cat\/sarriaambgracia\/index.php?rest_route=%2Fwp%2Fv2%2Ftags&post=3226"}],"curies":[{"name":"wp","href":"https:\/\/api.w.org\/{rel}","templated":true}]}}