{"id":3231,"date":"2018-04-12T08:43:43","date_gmt":"2018-04-12T07:43:43","guid":{"rendered":"https:\/\/blogs.cpnl.cat\/sarriaambgracia\/?p=3231"},"modified":"2018-04-13T13:14:05","modified_gmt":"2018-04-13T12:14:05","slug":"inauguracio-exposicio-apelles-mestres-artista-complet-i-home-poliedric","status":"publish","type":"post","link":"https:\/\/blogs.cpnl.cat\/sarriaambgracia\/?p=3231","title":{"rendered":"Inauguraci\u00f3 de l&#8217;exposici\u00f3 &#8220;Apel\u00b7les Mestres, artista complet i home poli\u00e8dric&#8221;"},"content":{"rendered":"<p>El dimecres 11 de febrer, a les 19 hores, va tenir lloc la inauguraci\u00f3 de l&#8217;exposici\u00f3 que acull la Violeta de Gr\u00e0cia &#8220;Apel\u00b7les Mestres, artista complet i home poli\u00e8dric&#8221;.<\/p>\n<p>La presentaci\u00f3 va anar a c\u00e0rrec de la senyora Montserrat Garrich, bibliotec\u00e0ria, arxivera i estudiosa de la vida i obra d\u2019Apel\u00b7les Mestres. Va fer una interessant explicaci\u00f3 de les seves facetes com a poeta, dramaturg, can\u00e7oner, col\u00b7leccionista, dibuixant&#8230; Tamb\u00e9 va explicar algunes curiositats i an\u00e8cdotes de la seva vida personal com a tertuli\u00e0 i jardiner.<\/p>\n<p><a href=\"https:\/\/blogs.cpnl.cat\/sarriaambgracia\/files\/2018\/04\/20180411_192921.jpg\"><img loading=\"lazy\" decoding=\"async\" class=\"size-medium wp-image-3232\" src=\"https:\/\/blogs.cpnl.cat\/sarriaambgracia\/files\/2018\/04\/20180411_192921-300x180.jpg\" alt=\"\" width=\"300\" height=\"180\" srcset=\"https:\/\/blogs.cpnl.cat\/sarriaambgracia\/files\/2018\/04\/20180411_192921-300x180.jpg 300w, https:\/\/blogs.cpnl.cat\/sarriaambgracia\/files\/2018\/04\/20180411_192921-768x461.jpg 768w, https:\/\/blogs.cpnl.cat\/sarriaambgracia\/files\/2018\/04\/20180411_192921-1024x614.jpg 1024w\" sizes=\"auto, (max-width: 300px) 100vw, 300px\" \/><\/a><\/p>\n","protected":false},"excerpt":{"rendered":"<p>El dimecres 11 de febrer, a les 19 hores, va tenir lloc la inauguraci\u00f3 de l&#8217;exposici\u00f3 que acull la Violeta de Gr\u00e0cia &#8220;Apel\u00b7les Mestres, artista complet i home poli\u00e8dric&#8221;. La presentaci\u00f3 va anar a c\u00e0rrec de la senyora Montserrat Garrich, bibliotec\u00e0ria, arxivera i estudiosa de la vida i obra d\u2019Apel\u00b7les Mestres. Va fer una interessant [&hellip;]<\/p>\n","protected":false},"author":412,"featured_media":0,"comment_status":"open","ping_status":"closed","sticky":false,"template":"","format":"standard","meta":{"ngg_post_thumbnail":0,"footnotes":""},"categories":[40148,6,77424],"tags":[],"class_list":["post-3231","post","type-post","status-publish","format-standard","hentry","category-exposicions","category-general","category-lespai-dels-professors"],"_links":{"self":[{"href":"https:\/\/blogs.cpnl.cat\/sarriaambgracia\/index.php?rest_route=\/wp\/v2\/posts\/3231","targetHints":{"allow":["GET"]}}],"collection":[{"href":"https:\/\/blogs.cpnl.cat\/sarriaambgracia\/index.php?rest_route=\/wp\/v2\/posts"}],"about":[{"href":"https:\/\/blogs.cpnl.cat\/sarriaambgracia\/index.php?rest_route=\/wp\/v2\/types\/post"}],"author":[{"embeddable":true,"href":"https:\/\/blogs.cpnl.cat\/sarriaambgracia\/index.php?rest_route=\/wp\/v2\/users\/412"}],"replies":[{"embeddable":true,"href":"https:\/\/blogs.cpnl.cat\/sarriaambgracia\/index.php?rest_route=%2Fwp%2Fv2%2Fcomments&post=3231"}],"version-history":[{"count":0,"href":"https:\/\/blogs.cpnl.cat\/sarriaambgracia\/index.php?rest_route=\/wp\/v2\/posts\/3231\/revisions"}],"wp:attachment":[{"href":"https:\/\/blogs.cpnl.cat\/sarriaambgracia\/index.php?rest_route=%2Fwp%2Fv2%2Fmedia&parent=3231"}],"wp:term":[{"taxonomy":"category","embeddable":true,"href":"https:\/\/blogs.cpnl.cat\/sarriaambgracia\/index.php?rest_route=%2Fwp%2Fv2%2Fcategories&post=3231"},{"taxonomy":"post_tag","embeddable":true,"href":"https:\/\/blogs.cpnl.cat\/sarriaambgracia\/index.php?rest_route=%2Fwp%2Fv2%2Ftags&post=3231"}],"curies":[{"name":"wp","href":"https:\/\/api.w.org\/{rel}","templated":true}]}}