{"id":3406,"date":"2018-05-29T10:56:26","date_gmt":"2018-05-29T09:56:26","guid":{"rendered":"https:\/\/blogs.cpnl.cat\/sarriaambgracia\/?p=3406"},"modified":"2018-06-04T12:58:05","modified_gmt":"2018-06-04T11:58:05","slug":"exposicio-pompeu-fabra-una-llengua-completa","status":"publish","type":"post","link":"https:\/\/blogs.cpnl.cat\/sarriaambgracia\/?p=3406","title":{"rendered":"Exposici\u00f3 &#8220;Pompeu Fabra. Una llengua completa&#8221;"},"content":{"rendered":"<p style=\"text-align: left;\">L&#8217;exposici\u00f3 &#8220;Pompeu Fabra. Una llengua completa&#8221;, creada per la Direcci\u00f3 General de Pol\u00edtica Ling\u00fc\u00edstica amb motiu de l&#8217;Any Fabra, es podr\u00e0 veure al vest\u00edbul de la delegaci\u00f3 de Gr\u00e0cia i Sarri\u00e0-Sant Gervasi, a l&#8217;avinguda Pr\u00edncep d&#8217;Ast\u00faries, 23-27, del <strong>6 al 29 de juny<\/strong>.\u00a0 L&#8217;horari per visitar l&#8217;exposici\u00f3 ser\u00e0 de dilluns a divendres, de 9 a 21 h.<\/p>\n<p style=\"text-align: left;\"><img loading=\"lazy\" decoding=\"async\" class=\"irc_mi\" src=\"http:\/\/llengua.gencat.cat\/web\/.content\/temes\/Any_Fabra_2018\/imatges\/agenda\/imatge_expo_agenda.jpg\" alt=\"Resultado de imagen de pompeu fabra una llengua completa\" width=\"397\" height=\"227\" \/><\/p>\n<p><a class=\"external\" href=\"http:\/\/llengua.gencat.cat\/ca\/anypompeufabra\/inici\/\" target=\"_blank\" rel=\"external noopener\">Any Fabra <\/a><\/p>\n<p style=\"text-align: left;\">\n","protected":false},"excerpt":{"rendered":"<p>L&#8217;exposici\u00f3 &#8220;Pompeu Fabra. Una llengua completa&#8221;, creada per la Direcci\u00f3 General de Pol\u00edtica Ling\u00fc\u00edstica amb motiu de l&#8217;Any Fabra, es podr\u00e0 veure al vest\u00edbul de la delegaci\u00f3 de Gr\u00e0cia i Sarri\u00e0-Sant Gervasi, a l&#8217;avinguda Pr\u00edncep d&#8217;Ast\u00faries, 23-27, del 6 al 29 de juny.\u00a0 L&#8217;horari per visitar l&#8217;exposici\u00f3 ser\u00e0 de dilluns a divendres, de 9 a [&hellip;]<\/p>\n","protected":false},"author":412,"featured_media":0,"comment_status":"open","ping_status":"closed","sticky":false,"template":"","format":"standard","meta":{"ngg_post_thumbnail":0,"footnotes":""},"categories":[140808,40148,6,77424],"tags":[],"class_list":["post-3406","post","type-post","status-publish","format-standard","hentry","category-activitats-literaries-i-trobades-amb-autors","category-exposicions","category-general","category-lespai-dels-professors"],"_links":{"self":[{"href":"https:\/\/blogs.cpnl.cat\/sarriaambgracia\/index.php?rest_route=\/wp\/v2\/posts\/3406","targetHints":{"allow":["GET"]}}],"collection":[{"href":"https:\/\/blogs.cpnl.cat\/sarriaambgracia\/index.php?rest_route=\/wp\/v2\/posts"}],"about":[{"href":"https:\/\/blogs.cpnl.cat\/sarriaambgracia\/index.php?rest_route=\/wp\/v2\/types\/post"}],"author":[{"embeddable":true,"href":"https:\/\/blogs.cpnl.cat\/sarriaambgracia\/index.php?rest_route=\/wp\/v2\/users\/412"}],"replies":[{"embeddable":true,"href":"https:\/\/blogs.cpnl.cat\/sarriaambgracia\/index.php?rest_route=%2Fwp%2Fv2%2Fcomments&post=3406"}],"version-history":[{"count":0,"href":"https:\/\/blogs.cpnl.cat\/sarriaambgracia\/index.php?rest_route=\/wp\/v2\/posts\/3406\/revisions"}],"wp:attachment":[{"href":"https:\/\/blogs.cpnl.cat\/sarriaambgracia\/index.php?rest_route=%2Fwp%2Fv2%2Fmedia&parent=3406"}],"wp:term":[{"taxonomy":"category","embeddable":true,"href":"https:\/\/blogs.cpnl.cat\/sarriaambgracia\/index.php?rest_route=%2Fwp%2Fv2%2Fcategories&post=3406"},{"taxonomy":"post_tag","embeddable":true,"href":"https:\/\/blogs.cpnl.cat\/sarriaambgracia\/index.php?rest_route=%2Fwp%2Fv2%2Ftags&post=3406"}],"curies":[{"name":"wp","href":"https:\/\/api.w.org\/{rel}","templated":true}]}}