{"id":3449,"date":"2018-06-19T12:11:28","date_gmt":"2018-06-19T11:11:28","guid":{"rendered":"https:\/\/blogs.cpnl.cat\/sarriaambgracia\/?p=3449"},"modified":"2018-06-19T12:11:28","modified_gmt":"2018-06-19T11:11:28","slug":"festa-final-dels-tallers-del-cat","status":"publish","type":"post","link":"https:\/\/blogs.cpnl.cat\/sarriaambgracia\/?p=3449","title":{"rendered":"Festa final dels tallers del CAT"},"content":{"rendered":"<div>\n<div class=\"subtitle text\"><span class=\"bb\">El dijous 21 de juny:<\/span><\/div>\n<div class=\"subtitle text\"><span class=\"bb\">20 h Concert&nbsp;<br \/>\n21 h Ball folk<br \/>\n22 h Escenari obert i pica-pica al Bar del C.A.T.<\/p>\n<p><\/span><\/div>\n<div class=\"description_long text\">Concert-ball a c\u00e0rrec dels participants als tallers de m\u00fasica i danses del C.A.T. En el format cl\u00e0ssic de Concert-Ball del Tradicion\u00e0rius, alumnes i professors ensenyaran la feina realitzada durant el trimestre. Actuaran com a solistes, per\u00f2 tamb\u00e9 en grups d\u2019un mateix instrument o en combinacions de diferents instruments, en una mostra de l\u2019activitat pedag\u00f2gica del centre. \u00c9s un dia en qu\u00e8 es premia l\u2019esfor\u00e7 i servir\u00e0 a alumnes i acompanyants per comprovar que les hores invertides serveixen per gaudir sempre una mica m\u00e9s de la m\u00fasica i del ball. Per a m\u00e9s informaci\u00f3 dels tallers de danses i instruments tradicionals, consulteu la web del C.A.T.<\/div>\n<\/div>\n<div><span lang=\"ca\">&nbsp;<\/span><\/div>\n<div><span lang=\"ca\">&nbsp;<\/span><a id=\"LPlnk520230\" href=\"http:\/\/www.tradicionarius.cat\/ca\/festa-final-dels-tallers-del-cat\/programacio\/707\" target=\"_blank\" rel=\"noopener noreferrer\"><span id=\"LPlnk520230\" lang=\"ca\">http:\/\/www.tradicionarius.cat\/ca\/festa-final-dels-tallers-del-cat\/programacio\/707<\/span><\/a><\/div>\n<p>&nbsp;<\/p>\n","protected":false},"excerpt":{"rendered":"<p>El dijous 21 de juny: 20 h Concert&nbsp; 21 h Ball folk 22 h Escenari obert i pica-pica al Bar del C.A.T. Concert-ball a c\u00e0rrec dels participants als tallers de m\u00fasica i danses del C.A.T. En el format cl\u00e0ssic de Concert-Ball del Tradicion\u00e0rius, alumnes i professors ensenyaran la feina realitzada durant el trimestre. Actuaran com [&hellip;]<\/p>\n","protected":false},"author":412,"featured_media":0,"comment_status":"open","ping_status":"closed","sticky":false,"template":"","format":"standard","meta":{"ngg_post_thumbnail":0,"footnotes":""},"categories":[6],"tags":[],"class_list":["post-3449","post","type-post","status-publish","format-standard","hentry","category-general"],"_links":{"self":[{"href":"https:\/\/blogs.cpnl.cat\/sarriaambgracia\/index.php?rest_route=\/wp\/v2\/posts\/3449","targetHints":{"allow":["GET"]}}],"collection":[{"href":"https:\/\/blogs.cpnl.cat\/sarriaambgracia\/index.php?rest_route=\/wp\/v2\/posts"}],"about":[{"href":"https:\/\/blogs.cpnl.cat\/sarriaambgracia\/index.php?rest_route=\/wp\/v2\/types\/post"}],"author":[{"embeddable":true,"href":"https:\/\/blogs.cpnl.cat\/sarriaambgracia\/index.php?rest_route=\/wp\/v2\/users\/412"}],"replies":[{"embeddable":true,"href":"https:\/\/blogs.cpnl.cat\/sarriaambgracia\/index.php?rest_route=%2Fwp%2Fv2%2Fcomments&post=3449"}],"version-history":[{"count":0,"href":"https:\/\/blogs.cpnl.cat\/sarriaambgracia\/index.php?rest_route=\/wp\/v2\/posts\/3449\/revisions"}],"wp:attachment":[{"href":"https:\/\/blogs.cpnl.cat\/sarriaambgracia\/index.php?rest_route=%2Fwp%2Fv2%2Fmedia&parent=3449"}],"wp:term":[{"taxonomy":"category","embeddable":true,"href":"https:\/\/blogs.cpnl.cat\/sarriaambgracia\/index.php?rest_route=%2Fwp%2Fv2%2Fcategories&post=3449"},{"taxonomy":"post_tag","embeddable":true,"href":"https:\/\/blogs.cpnl.cat\/sarriaambgracia\/index.php?rest_route=%2Fwp%2Fv2%2Ftags&post=3449"}],"curies":[{"name":"wp","href":"https:\/\/api.w.org\/{rel}","templated":true}]}}