{"id":3576,"date":"2018-12-03T08:33:11","date_gmt":"2018-12-03T07:33:11","guid":{"rendered":"https:\/\/blogs.cpnl.cat\/sarriaambgracia\/?p=3576"},"modified":"2018-12-04T09:18:09","modified_gmt":"2018-12-04T08:18:09","slug":"gracia-parla-de-fabra","status":"publish","type":"post","link":"https:\/\/blogs.cpnl.cat\/sarriaambgracia\/?p=3576","title":{"rendered":"Gr\u00e0cia parla de Fabra"},"content":{"rendered":"<p>Com a acte de cloenda de l\u2019Any Fabra a Gr\u00e0cia, i amb l\u2019assist\u00e8ncia d\u2019una seixantena de persones, el dijous 29 de novembre a les 7 del vespre es va celebrar una taula rodona, organitzada per la Biblioteca Jaume Fuster, amb la col\u00b7laboraci\u00f3 de la delegaci\u00f3 de Gr\u00e0cia i Sarri\u00e0-Sant Gervasi del CNL de Barcelona i el Districte de Gr\u00e0cia,<\/p>\n<p>Un dels ponents va ser Joan Josep Isern, gracienc, cr\u00edtic literari i escriptor, erudit i gran coneixedor de Pompeu Fabra. Cal destacar que t\u00e9 un blog a Vilaweb \u201cTotxanes, totxos i maons\u201d en el qual ha escrit cada setmana sobre les etapes de la ruta Pompeu Fabra per Gr\u00e0cia.<\/p>\n<p>Els altres dos participants en la taula rodona eren David Paloma i M\u00f2nica Montserrat, tots dos professors de llengua catalana, a la Universitat Aut\u00f2noma de Barcelona i a la UOC, respectivament. Autors de diferents diccionaris. Promotors de les rutes Pompeu Fabra per Ciutat Vella, Gr\u00e0cia, Prada de Conflent i Bilbao i coautors dels llibres Ruta Pompeu Fabra, L\u2019abec\u00e9 de Pompeu Fabra,<\/p>\n<p>Va presentar l\u2019acte la directora de la Biblioteca, Carmen Galve, que va donar les gr\u00e0cies al Districte i a la delegaci\u00f3 de Gr\u00e0cia i Sarri\u00e0-Sant Gervasi del CNL de Barcelona per la seva col\u00b7laboraci\u00f3 en l\u2019organitzaci\u00f3 de l\u2019acte, i tamb\u00e9 als alumnes del centre per la seva assist\u00e8ncia, aix\u00ed com a la resta de p\u00fablic en general. A continuaci\u00f3 va donar la paraula a la consellera de Cultura del Districte, Marta Do\u00f1ach, que va fer un resum dels actes Fabra que s\u2019han organitzat al districte de Gr\u00e0cia al llarg d\u2019aquest any. Tot seguit, L\u00eddia Alberich va presentar els participants de la taula rodona i va fer cinc c\u00e8ntims de les diferents activitats que han fet alumnes i professors a les aules de catal\u00e0 amb motiu de l\u2019Any Fabra.<\/p>\n<p>Al llarg de la conversa distesa i amena entre els tres participants de la taula rodona, es va fer balan\u00e7 de les nombroses celebracions de l\u2019Any Fabra al territori; van parlar de les diferents rutes organitzades, fent un \u00e8mfasi especial en la ruta Fabra per Gr\u00e0cia que es va organitzar el dia 3 d\u2019octubre i que es repetir\u00e0 el 18 de desembre, guiada per David Paloma i M\u00f2nica Montserrat. Van explicar moltes an\u00e8cdotes relacionades amb la biografia del Fabra gracienc i del Fabra ling\u00fcista i gram\u00e0tic, aix\u00ed com de la seva implicaci\u00f3 c\u00edvica i pol\u00edtica.<\/p>\n<p>Despr\u00e9s d\u2019un torn de preguntes, es va cloure la taula rodona, que va durar una hora.<\/p>\n<p><iframe loading=\"lazy\" style=\"border: none;\" src=\"https:\/\/s3.amazonaws.com\/files.photosnack.com\/iframejs\/widget.html?hash=pdzu3dzxq&amp;t=1543565530\" allowfullscreen=\"allowfullscreen\" width=\"100%\" height=\"100%\"><\/iframe><\/p>\n","protected":false},"excerpt":{"rendered":"<p>Com a acte de cloenda de l\u2019Any Fabra a Gr\u00e0cia, i amb l\u2019assist\u00e8ncia d\u2019una seixantena de persones, el dijous 29 de novembre a les 7 del vespre es va celebrar una taula rodona, organitzada per la Biblioteca Jaume Fuster, amb la col\u00b7laboraci\u00f3 de la delegaci\u00f3 de Gr\u00e0cia i Sarri\u00e0-Sant Gervasi del CNL de Barcelona i [&hellip;]<\/p>\n","protected":false},"author":527,"featured_media":0,"comment_status":"open","ping_status":"closed","sticky":false,"template":"","format":"standard","meta":{"ngg_post_thumbnail":0,"footnotes":""},"categories":[6,77424],"tags":[],"class_list":["post-3576","post","type-post","status-publish","format-standard","hentry","category-general","category-lespai-dels-professors"],"_links":{"self":[{"href":"https:\/\/blogs.cpnl.cat\/sarriaambgracia\/index.php?rest_route=\/wp\/v2\/posts\/3576","targetHints":{"allow":["GET"]}}],"collection":[{"href":"https:\/\/blogs.cpnl.cat\/sarriaambgracia\/index.php?rest_route=\/wp\/v2\/posts"}],"about":[{"href":"https:\/\/blogs.cpnl.cat\/sarriaambgracia\/index.php?rest_route=\/wp\/v2\/types\/post"}],"author":[{"embeddable":true,"href":"https:\/\/blogs.cpnl.cat\/sarriaambgracia\/index.php?rest_route=\/wp\/v2\/users\/527"}],"replies":[{"embeddable":true,"href":"https:\/\/blogs.cpnl.cat\/sarriaambgracia\/index.php?rest_route=%2Fwp%2Fv2%2Fcomments&post=3576"}],"version-history":[{"count":0,"href":"https:\/\/blogs.cpnl.cat\/sarriaambgracia\/index.php?rest_route=\/wp\/v2\/posts\/3576\/revisions"}],"wp:attachment":[{"href":"https:\/\/blogs.cpnl.cat\/sarriaambgracia\/index.php?rest_route=%2Fwp%2Fv2%2Fmedia&parent=3576"}],"wp:term":[{"taxonomy":"category","embeddable":true,"href":"https:\/\/blogs.cpnl.cat\/sarriaambgracia\/index.php?rest_route=%2Fwp%2Fv2%2Fcategories&post=3576"},{"taxonomy":"post_tag","embeddable":true,"href":"https:\/\/blogs.cpnl.cat\/sarriaambgracia\/index.php?rest_route=%2Fwp%2Fv2%2Ftags&post=3576"}],"curies":[{"name":"wp","href":"https:\/\/api.w.org\/{rel}","templated":true}]}}