{"id":3581,"date":"2019-01-08T11:53:33","date_gmt":"2019-01-08T10:53:33","guid":{"rendered":"https:\/\/blogs.cpnl.cat\/sarriaambgracia\/?p=3581"},"modified":"2019-01-08T11:53:33","modified_gmt":"2019-01-08T10:53:33","slug":"parlem-de-pedrolo-amb-antoni-munne-jorda","status":"publish","type":"post","link":"https:\/\/blogs.cpnl.cat\/sarriaambgracia\/?p=3581","title":{"rendered":"Parlem de Pedrolo amb Antoni Munn\u00e9-Jord\u00e0"},"content":{"rendered":"<p>El <strong>dimarts 22 de gener<\/strong>, a les <strong>10.30 h<\/strong>, tindr\u00e0 lloc a la <strong>Biblioteca Jaume Fuster<\/strong> la xerrada &#8220;Parlem de Pedrolo amb Antoni Munn\u00e9-Jord\u00e0&#8221; adre\u00e7ada als alumnes dels cursos de catal\u00e0. Parlar\u00e0 de la vida i obra de l&#8217;autor i, seguidament, els alumnes podran fer preguntes sobre diferents llibres que hauran llegit de l&#8217;autor.<\/p>\n<p><img loading=\"lazy\" decoding=\"async\" class=\"irc_mi\" src=\"https:\/\/estaticos.elperiodico.com\/resources\/jpg\/2\/5\/1516127193252.jpg\" alt=\"Imagen relacionada\" width=\"242\" height=\"136\"><\/p>\n","protected":false},"excerpt":{"rendered":"<p>El dimarts 22 de gener, a les 10.30 h, tindr\u00e0 lloc a la Biblioteca Jaume Fuster la xerrada &#8220;Parlem de Pedrolo amb Antoni Munn\u00e9-Jord\u00e0&#8221; adre\u00e7ada als alumnes dels cursos de catal\u00e0. Parlar\u00e0 de la vida i obra de l&#8217;autor i, seguidament, els alumnes podran fer preguntes sobre diferents llibres que hauran llegit de l&#8217;autor.<\/p>\n","protected":false},"author":527,"featured_media":0,"comment_status":"open","ping_status":"closed","sticky":false,"template":"","format":"standard","meta":{"ngg_post_thumbnail":0,"footnotes":""},"categories":[140808,6],"tags":[],"class_list":["post-3581","post","type-post","status-publish","format-standard","hentry","category-activitats-literaries-i-trobades-amb-autors","category-general"],"_links":{"self":[{"href":"https:\/\/blogs.cpnl.cat\/sarriaambgracia\/index.php?rest_route=\/wp\/v2\/posts\/3581","targetHints":{"allow":["GET"]}}],"collection":[{"href":"https:\/\/blogs.cpnl.cat\/sarriaambgracia\/index.php?rest_route=\/wp\/v2\/posts"}],"about":[{"href":"https:\/\/blogs.cpnl.cat\/sarriaambgracia\/index.php?rest_route=\/wp\/v2\/types\/post"}],"author":[{"embeddable":true,"href":"https:\/\/blogs.cpnl.cat\/sarriaambgracia\/index.php?rest_route=\/wp\/v2\/users\/527"}],"replies":[{"embeddable":true,"href":"https:\/\/blogs.cpnl.cat\/sarriaambgracia\/index.php?rest_route=%2Fwp%2Fv2%2Fcomments&post=3581"}],"version-history":[{"count":0,"href":"https:\/\/blogs.cpnl.cat\/sarriaambgracia\/index.php?rest_route=\/wp\/v2\/posts\/3581\/revisions"}],"wp:attachment":[{"href":"https:\/\/blogs.cpnl.cat\/sarriaambgracia\/index.php?rest_route=%2Fwp%2Fv2%2Fmedia&parent=3581"}],"wp:term":[{"taxonomy":"category","embeddable":true,"href":"https:\/\/blogs.cpnl.cat\/sarriaambgracia\/index.php?rest_route=%2Fwp%2Fv2%2Fcategories&post=3581"},{"taxonomy":"post_tag","embeddable":true,"href":"https:\/\/blogs.cpnl.cat\/sarriaambgracia\/index.php?rest_route=%2Fwp%2Fv2%2Ftags&post=3581"}],"curies":[{"name":"wp","href":"https:\/\/api.w.org\/{rel}","templated":true}]}}