{"id":3582,"date":"2018-12-18T09:02:22","date_gmt":"2018-12-18T08:02:22","guid":{"rendered":"https:\/\/blogs.cpnl.cat\/sarriaambgracia\/?p=3582"},"modified":"2018-12-18T09:10:35","modified_gmt":"2018-12-18T08:10:35","slug":"lalumnat-assisteix-a-la-cloenda-de-lany-fabra","status":"publish","type":"post","link":"https:\/\/blogs.cpnl.cat\/sarriaambgracia\/?p=3582","title":{"rendered":"L&#8217;alumnat assisteix a la cloenda de l&#8217;Any Fabra"},"content":{"rendered":"<p>El grup de nivell Intermedi 1 de la Rosabel va assistir el 17 de desembre a la cloenda de l&#8217;Any Fabra a la Sala Gran del Teatre Nacional de Catalunya. Va presidir l&#8217;acte <em>Estimat Mestre <\/em>el president de la&nbsp;Generalitat de Catalunya, Quim Torra, i va comptar amb l&#8217;assist\u00e8ncia de la consellera de Cultura, Laura Borr\u00e0s, i la directora general de Pol\u00edtica Ling\u00fc\u00edstica, Ester Franquesa. Dirigit per Carme Portaceli,&nbsp;<em>Estimat Mestre <\/em>va posar de relleu les dimensions que ha tingut la commemoraci\u00f3 i la implicaci\u00f3 d\u2019ajuntaments, associacions, universitats i entitats de tot Catalunya.<\/p>\n<p><img loading=\"lazy\" decoding=\"async\" class=\"alignnone wp-image-3583\" src=\"https:\/\/blogs.cpnl.cat\/sarriaambgracia\/files\/2018\/12\/IMG-20181217-WA0001-300x180.jpg\" alt=\"\" width=\"245\" height=\"147\" srcset=\"https:\/\/blogs.cpnl.cat\/sarriaambgracia\/files\/2018\/12\/IMG-20181217-WA0001-300x180.jpg 300w, https:\/\/blogs.cpnl.cat\/sarriaambgracia\/files\/2018\/12\/IMG-20181217-WA0001-768x461.jpg 768w, https:\/\/blogs.cpnl.cat\/sarriaambgracia\/files\/2018\/12\/IMG-20181217-WA0001-1024x614.jpg 1024w, https:\/\/blogs.cpnl.cat\/sarriaambgracia\/files\/2018\/12\/IMG-20181217-WA0001.jpg 800w\" sizes=\"auto, (max-width: 245px) 100vw, 245px\" \/><\/p>\n<p><img loading=\"lazy\" decoding=\"async\" class=\"alignnone wp-image-3584\" src=\"https:\/\/blogs.cpnl.cat\/sarriaambgracia\/files\/2018\/12\/IMG-20181217-WA0005-300x225.jpg\" alt=\"\" width=\"247\" height=\"185\" srcset=\"https:\/\/blogs.cpnl.cat\/sarriaambgracia\/files\/2018\/12\/IMG-20181217-WA0005-300x225.jpg 300w, https:\/\/blogs.cpnl.cat\/sarriaambgracia\/files\/2018\/12\/IMG-20181217-WA0005-768x576.jpg 768w, https:\/\/blogs.cpnl.cat\/sarriaambgracia\/files\/2018\/12\/IMG-20181217-WA0005-1024x768.jpg 1024w, https:\/\/blogs.cpnl.cat\/sarriaambgracia\/files\/2018\/12\/IMG-20181217-WA0005.jpg 800w\" sizes=\"auto, (max-width: 247px) 100vw, 247px\" \/><\/p>\n","protected":false},"excerpt":{"rendered":"<p>El grup de nivell Intermedi 1 de la Rosabel va assistir el 17 de desembre a la cloenda de l&#8217;Any Fabra a la Sala Gran del Teatre Nacional de Catalunya. Va presidir l&#8217;acte Estimat Mestre el president de la&nbsp;Generalitat de Catalunya, Quim Torra, i va comptar amb l&#8217;assist\u00e8ncia de la consellera de Cultura, Laura Borr\u00e0s, [&hellip;]<\/p>\n","protected":false},"author":527,"featured_media":0,"comment_status":"open","ping_status":"closed","sticky":false,"template":"","format":"standard","meta":{"ngg_post_thumbnail":0,"footnotes":""},"categories":[140808,6,77424],"tags":[],"class_list":["post-3582","post","type-post","status-publish","format-standard","hentry","category-activitats-literaries-i-trobades-amb-autors","category-general","category-lespai-dels-professors"],"_links":{"self":[{"href":"https:\/\/blogs.cpnl.cat\/sarriaambgracia\/index.php?rest_route=\/wp\/v2\/posts\/3582","targetHints":{"allow":["GET"]}}],"collection":[{"href":"https:\/\/blogs.cpnl.cat\/sarriaambgracia\/index.php?rest_route=\/wp\/v2\/posts"}],"about":[{"href":"https:\/\/blogs.cpnl.cat\/sarriaambgracia\/index.php?rest_route=\/wp\/v2\/types\/post"}],"author":[{"embeddable":true,"href":"https:\/\/blogs.cpnl.cat\/sarriaambgracia\/index.php?rest_route=\/wp\/v2\/users\/527"}],"replies":[{"embeddable":true,"href":"https:\/\/blogs.cpnl.cat\/sarriaambgracia\/index.php?rest_route=%2Fwp%2Fv2%2Fcomments&post=3582"}],"version-history":[{"count":0,"href":"https:\/\/blogs.cpnl.cat\/sarriaambgracia\/index.php?rest_route=\/wp\/v2\/posts\/3582\/revisions"}],"wp:attachment":[{"href":"https:\/\/blogs.cpnl.cat\/sarriaambgracia\/index.php?rest_route=%2Fwp%2Fv2%2Fmedia&parent=3582"}],"wp:term":[{"taxonomy":"category","embeddable":true,"href":"https:\/\/blogs.cpnl.cat\/sarriaambgracia\/index.php?rest_route=%2Fwp%2Fv2%2Fcategories&post=3582"},{"taxonomy":"post_tag","embeddable":true,"href":"https:\/\/blogs.cpnl.cat\/sarriaambgracia\/index.php?rest_route=%2Fwp%2Fv2%2Ftags&post=3582"}],"curies":[{"name":"wp","href":"https:\/\/api.w.org\/{rel}","templated":true}]}}