{"id":3647,"date":"2019-04-11T11:00:24","date_gmt":"2019-04-11T10:00:24","guid":{"rendered":"https:\/\/blogs.cpnl.cat\/sarriaambgracia\/?p=3647"},"modified":"2019-04-24T08:13:42","modified_gmt":"2019-04-24T07:13:42","slug":"celebrem-la-festa-de-sant-jordi","status":"publish","type":"post","link":"https:\/\/blogs.cpnl.cat\/sarriaambgracia\/?p=3647","title":{"rendered":"Celebrem Sant Jordi"},"content":{"rendered":"<p>Aquest any celebrem Sant Jordi amb una parada a la delegaci\u00f3 (av. de la Riera de Cassoles, 23-27), <strong>de<\/strong> <strong>9.30 a 14 h,<\/strong> i el dimecres<strong> 24 d&#8217;abril durant tot el dia<\/strong>. Les persones que s&#8217;hi acostin descobriran que la llengua catalana est\u00e0 farcida de mots amb or\u00edgens tan diversos com els dels barcelonins. L&#8217;expenedor de paraules repartir\u00e0 targetes plenes de curiositats sobre la proced\u00e8ncia de paraules tan habituals com <em>samarreta <\/em>o <em>qu\u00e8txup<\/em>. Aquesta actuaci\u00f3 s&#8217;emmarca en la campanya\u00a0<em>A l&#8217;abril, cada paraula val per mil<\/em>.<\/p>\n<p><img loading=\"lazy\" decoding=\"async\" class=\"irc_mi\" src=\"https:\/\/media-edg.barcelona.cat\/wp-content\/uploads\/2017\/04\/06143838\/A-labril-cada-paraula-val-per-mil.jpg\" alt=\"Resultado de imagen de rosa sant jordi a l'abril cada paraula val per mil\" width=\"241\" height=\"217\" data-iml=\"1553596315512\" \/><img loading=\"lazy\" decoding=\"async\" class=\"alignleft size-medium wp-image-4511\" src=\"https:\/\/blogs.cpnl.cat\/connectats\/files\/2019\/04\/Expenedor-de-paraules-200x300.jpg\" sizes=\"auto, (max-width: 200px) 100vw, 200px\" srcset=\"https:\/\/blogs.cpnl.cat\/connectats\/files\/2019\/04\/Expenedor-de-paraules-200x300.jpg 200w, https:\/\/blogs.cpnl.cat\/connectats\/files\/2019\/04\/Expenedor-de-paraules-768x1151.jpg 768w, https:\/\/blogs.cpnl.cat\/connectats\/files\/2019\/04\/Expenedor-de-paraules-192x288.jpg 192w, https:\/\/blogs.cpnl.cat\/connectats\/files\/2019\/04\/Expenedor-de-paraules.jpg 1035w\" alt=\"\" width=\"200\" height=\"300\" \/><\/p>\n","protected":false},"excerpt":{"rendered":"<p>Aquest any celebrem Sant Jordi amb una parada a la delegaci\u00f3 (av. de la Riera de Cassoles, 23-27), de 9.30 a 14 h, i el dimecres 24 d&#8217;abril durant tot el dia. Les persones que s&#8217;hi acostin descobriran que la llengua catalana est\u00e0 farcida de mots amb or\u00edgens tan diversos com els dels barcelonins. L&#8217;expenedor [&hellip;]<\/p>\n","protected":false},"author":527,"featured_media":0,"comment_status":"open","ping_status":"closed","sticky":false,"template":"","format":"standard","meta":{"ngg_post_thumbnail":0,"footnotes":""},"categories":[6,77424,77573],"tags":[],"class_list":["post-3647","post","type-post","status-publish","format-standard","hentry","category-general","category-lespai-dels-professors","category-i-tu-jugues-en-catala"],"_links":{"self":[{"href":"https:\/\/blogs.cpnl.cat\/sarriaambgracia\/index.php?rest_route=\/wp\/v2\/posts\/3647","targetHints":{"allow":["GET"]}}],"collection":[{"href":"https:\/\/blogs.cpnl.cat\/sarriaambgracia\/index.php?rest_route=\/wp\/v2\/posts"}],"about":[{"href":"https:\/\/blogs.cpnl.cat\/sarriaambgracia\/index.php?rest_route=\/wp\/v2\/types\/post"}],"author":[{"embeddable":true,"href":"https:\/\/blogs.cpnl.cat\/sarriaambgracia\/index.php?rest_route=\/wp\/v2\/users\/527"}],"replies":[{"embeddable":true,"href":"https:\/\/blogs.cpnl.cat\/sarriaambgracia\/index.php?rest_route=%2Fwp%2Fv2%2Fcomments&post=3647"}],"version-history":[{"count":0,"href":"https:\/\/blogs.cpnl.cat\/sarriaambgracia\/index.php?rest_route=\/wp\/v2\/posts\/3647\/revisions"}],"wp:attachment":[{"href":"https:\/\/blogs.cpnl.cat\/sarriaambgracia\/index.php?rest_route=%2Fwp%2Fv2%2Fmedia&parent=3647"}],"wp:term":[{"taxonomy":"category","embeddable":true,"href":"https:\/\/blogs.cpnl.cat\/sarriaambgracia\/index.php?rest_route=%2Fwp%2Fv2%2Fcategories&post=3647"},{"taxonomy":"post_tag","embeddable":true,"href":"https:\/\/blogs.cpnl.cat\/sarriaambgracia\/index.php?rest_route=%2Fwp%2Fv2%2Ftags&post=3647"}],"curies":[{"name":"wp","href":"https:\/\/api.w.org\/{rel}","templated":true}]}}