{"id":3648,"date":"2019-04-29T10:56:19","date_gmt":"2019-04-29T09:56:19","guid":{"rendered":"https:\/\/blogs.cpnl.cat\/sarriaambgracia\/?p=3648"},"modified":"2019-05-03T09:35:15","modified_gmt":"2019-05-03T08:35:15","slug":"mural-dels-poemes-visuals-de-joan-brossa","status":"publish","type":"post","link":"https:\/\/blogs.cpnl.cat\/sarriaambgracia\/?p=3648","title":{"rendered":"Mural dels poemes visuals de Joan Brossa"},"content":{"rendered":"<p>Del 2 al 31 de maig, coincidint amb<a href=\"http:\/\/lameva.barcelona.cat\/barcelonapoesia\/ca\/\"> la Setmana de la Poesia de Barcelona<\/a>, que enguany se celebra del 8 al 16 de maig, i el centenari del naixement de <a href=\"http:\/\/www.fundaciojoanbrossa.cat\/ampliacio.php?menu2=35&amp;id=107&amp;idmenu=1\">Brossa<\/a>, la delegaci\u00f3 de Gr\u00e0cia i Sarri\u00e0-Sant Gervasi exposa un mural d&#8217;alguns dels poemes visuals m\u00e9s representatius de l&#8217;artista.<\/p>\n<p>Brossa amb la seva obra pretenia fer-nos reflexionar sobre l\u2019actualitat pol\u00edtica i social del pa\u00eds en uns anys tenebrosos, per\u00f2 tamb\u00e9 pretenia colpir l\u2019emoci\u00f3 relacionant objectes i idees inversemblants. Transgressor i inconformista, Joan Brossa va ser m\u00e9s que un poeta i escriptor.<\/p>\n<p><img loading=\"lazy\" decoding=\"async\" class=\"alignnone size-medium wp-image-3784\" src=\"https:\/\/blogs.cpnl.cat\/sarriaambgracia\/files\/2019\/04\/IMG_20190503_102332-293x300.jpg\" alt=\"\" width=\"293\" height=\"300\" srcset=\"https:\/\/blogs.cpnl.cat\/sarriaambgracia\/files\/2019\/04\/IMG_20190503_102332-293x300.jpg 293w, https:\/\/blogs.cpnl.cat\/sarriaambgracia\/files\/2019\/04\/IMG_20190503_102332-768x785.jpg 768w, https:\/\/blogs.cpnl.cat\/sarriaambgracia\/files\/2019\/04\/IMG_20190503_102332.jpg 880w\" sizes=\"auto, (max-width: 293px) 100vw, 293px\" \/> <img loading=\"lazy\" decoding=\"async\" class=\"alignleft wp-image-4369\" src=\"https:\/\/blogs.cpnl.cat\/connectats\/files\/2019\/01\/Logo-vertical-194x300.png\" sizes=\"auto, (max-width: 194px) 100vw, 194px\" srcset=\"https:\/\/blogs.cpnl.cat\/connectats\/files\/2019\/01\/Logo-vertical-194x300.png 194w, https:\/\/blogs.cpnl.cat\/connectats\/files\/2019\/01\/Logo-vertical-186x288.png 186w, https:\/\/blogs.cpnl.cat\/connectats\/files\/2019\/01\/Logo-vertical.png 388w\" alt=\"\" width=\"114\" height=\"176\" \/><\/p>\n","protected":false},"excerpt":{"rendered":"<p>Del 2 al 31 de maig, coincidint amb la Setmana de la Poesia de Barcelona, que enguany se celebra del 8 al 16 de maig, i el centenari del naixement de Brossa, la delegaci\u00f3 de Gr\u00e0cia i Sarri\u00e0-Sant Gervasi exposa un mural d&#8217;alguns dels poemes visuals m\u00e9s representatius de l&#8217;artista. Brossa amb la seva obra [&hellip;]<\/p>\n","protected":false},"author":527,"featured_media":0,"comment_status":"open","ping_status":"closed","sticky":false,"template":"","format":"standard","meta":{"ngg_post_thumbnail":0,"footnotes":""},"categories":[140808,40148,6,77424],"tags":[],"class_list":["post-3648","post","type-post","status-publish","format-standard","hentry","category-activitats-literaries-i-trobades-amb-autors","category-exposicions","category-general","category-lespai-dels-professors"],"_links":{"self":[{"href":"https:\/\/blogs.cpnl.cat\/sarriaambgracia\/index.php?rest_route=\/wp\/v2\/posts\/3648","targetHints":{"allow":["GET"]}}],"collection":[{"href":"https:\/\/blogs.cpnl.cat\/sarriaambgracia\/index.php?rest_route=\/wp\/v2\/posts"}],"about":[{"href":"https:\/\/blogs.cpnl.cat\/sarriaambgracia\/index.php?rest_route=\/wp\/v2\/types\/post"}],"author":[{"embeddable":true,"href":"https:\/\/blogs.cpnl.cat\/sarriaambgracia\/index.php?rest_route=\/wp\/v2\/users\/527"}],"replies":[{"embeddable":true,"href":"https:\/\/blogs.cpnl.cat\/sarriaambgracia\/index.php?rest_route=%2Fwp%2Fv2%2Fcomments&post=3648"}],"version-history":[{"count":0,"href":"https:\/\/blogs.cpnl.cat\/sarriaambgracia\/index.php?rest_route=\/wp\/v2\/posts\/3648\/revisions"}],"wp:attachment":[{"href":"https:\/\/blogs.cpnl.cat\/sarriaambgracia\/index.php?rest_route=%2Fwp%2Fv2%2Fmedia&parent=3648"}],"wp:term":[{"taxonomy":"category","embeddable":true,"href":"https:\/\/blogs.cpnl.cat\/sarriaambgracia\/index.php?rest_route=%2Fwp%2Fv2%2Fcategories&post=3648"},{"taxonomy":"post_tag","embeddable":true,"href":"https:\/\/blogs.cpnl.cat\/sarriaambgracia\/index.php?rest_route=%2Fwp%2Fv2%2Ftags&post=3648"}],"curies":[{"name":"wp","href":"https:\/\/api.w.org\/{rel}","templated":true}]}}