{"id":3667,"date":"2019-04-24T07:20:11","date_gmt":"2019-04-24T06:20:11","guid":{"rendered":"https:\/\/blogs.cpnl.cat\/sarriaambgracia\/?p=3667"},"modified":"2019-04-29T09:54:33","modified_gmt":"2019-04-29T08:54:33","slug":"concurs-si-lencertes-lendevines-3","status":"publish","type":"post","link":"https:\/\/blogs.cpnl.cat\/sarriaambgracia\/?p=3667","title":{"rendered":"Concurs &#8220;Si l&#8217;encertes, l&#8217;endevines&#8221;"},"content":{"rendered":"<p>El CNL de Barcelona organitza el concurs &#8220;Si l&#8217;encertes, l&#8217;endevines&#8221; per quart any consecutiu. Despr\u00e9s de l&#8217;\u00e8xit de les tres edicions anteriors, fetes en col\u00b7laboraci\u00f3 amb l&#8217;Eix Comercial de Sant Andreu, ara s&#8217;amplia a tots els districtes de Barcelona.<\/p>\n<p>Cartells amb il\u00b7lustracions que representen frases fetes creades per joves estudiants de l&#8217;Escola Superior de Disseny i Art La Llotja lluiran a centenars de comer\u00e7os de proximitat de diversos eixos comercials de la ciutat. A Gr\u00e0cia i Sarri\u00e0-Sant Gervasi el concurs ser\u00e0 del <strong>27 d&#8217;abril a l&#8217;11 de maig <\/strong>i els eixos que hi col\u00b7laboren s\u00f3n l&#8217;Associaci\u00f3 de Comerciants i Artesans del Barri del Farr\u00f3, l&#8217;Eix Comercial de Gran de Gr\u00e0cia i la Federaci\u00f3 de Comerciants de Gr\u00e0cia. Tothom qui ho desitgi podr\u00e0 participar-hi per endevinar les frases fetes amagades i guanyar premis patrocinats pels eixos col\u00b7laboradors.<\/p>\n<p>Les dates de lliurament dels premis al concurs &#8220;Si l&#8217;encertes, l&#8217;endevines&#8221; als diferents eixos comercials tindran lloc els dies seg\u00fcents:<\/p>\n<p><strong>Associaci\u00f3 de Comerciants i Artesans del Farr\u00f3. <\/strong>L\u2019acte de lliurament de premis tindr\u00e0 lloc el dissabte 11 de maig, a les 12.00 hores, coincidint amb la Fira de Sant Pon\u00e7, a la pl. Ma\u00f1\u00e9 i Flaquer.<\/p>\n<p><strong>Eix Comercial de Gran de Gr\u00e0cia. <\/strong>El lliurament de premis es far\u00e0 el dimecres 15 de maig, a les 18.00 hores, a la botiga Xalma, del carrer Gran de Gr\u00e0cia, 134.<\/p>\n<p><strong>Federaci\u00f3 de Comerciants de Gr\u00e0cia.<\/strong> El lliurament de premis ser\u00e0 el dijous 16 de maig, a les 19.00 h, a Oloruti, al carrer Ast\u00faries, 38.<\/p>\n<p><a href=\"https:\/\/blogs.cpnl.cat\/sarriaambgracia\/files\/2019\/04\/Nota-premsa-Si-lencertes-lendevines-2019-1.pdf\"><img loading=\"lazy\" decoding=\"async\" class=\"wp-image-4568 alignleft\" src=\"https:\/\/blogs.cpnl.cat\/connectats\/files\/2019\/04\/lligar-caps-300x295.png\" sizes=\"auto, (max-width: 300px) 100vw, 300px\" srcset=\"https:\/\/blogs.cpnl.cat\/connectats\/files\/2019\/04\/lligar-caps-300x295.png 300w, https:\/\/blogs.cpnl.cat\/connectats\/files\/2019\/04\/lligar-caps-293x288.png 293w, https:\/\/blogs.cpnl.cat\/connectats\/files\/2019\/04\/lligar-caps.png 506w\" alt=\"\" width=\"168\" height=\"165\" \/><\/a><\/p>\n<p><a href=\"https:\/\/www.cpnl.cat\/xarxa\/cnlbarcelona\/din\/si_lencertes_lendevines.html\">M\u00e9s informaci\u00f3 del concurs<\/a><\/p>\n<p><a href=\"https:\/\/blogs.cpnl.cat\/sarriaambgracia\/files\/2019\/04\/Nota-premsa-Si-lencertes-lendevines-2019-1.pdf\">Nota premsa Si l&#8217;encertes l&#8217;endevines 2019 <\/a><\/p>\n<p>&nbsp;<\/p>\n","protected":false},"excerpt":{"rendered":"<p>El CNL de Barcelona organitza el concurs &#8220;Si l&#8217;encertes, l&#8217;endevines&#8221; per quart any consecutiu. Despr\u00e9s de l&#8217;\u00e8xit de les tres edicions anteriors, fetes en col\u00b7laboraci\u00f3 amb l&#8217;Eix Comercial de Sant Andreu, ara s&#8217;amplia a tots els districtes de Barcelona. Cartells amb il\u00b7lustracions que representen frases fetes creades per joves estudiants de l&#8217;Escola Superior de Disseny [&hellip;]<\/p>\n","protected":false},"author":527,"featured_media":0,"comment_status":"open","ping_status":"closed","sticky":false,"template":"","format":"standard","meta":{"ngg_post_thumbnail":0,"footnotes":""},"categories":[6,77424,77573],"tags":[],"class_list":["post-3667","post","type-post","status-publish","format-standard","hentry","category-general","category-lespai-dels-professors","category-i-tu-jugues-en-catala"],"_links":{"self":[{"href":"https:\/\/blogs.cpnl.cat\/sarriaambgracia\/index.php?rest_route=\/wp\/v2\/posts\/3667","targetHints":{"allow":["GET"]}}],"collection":[{"href":"https:\/\/blogs.cpnl.cat\/sarriaambgracia\/index.php?rest_route=\/wp\/v2\/posts"}],"about":[{"href":"https:\/\/blogs.cpnl.cat\/sarriaambgracia\/index.php?rest_route=\/wp\/v2\/types\/post"}],"author":[{"embeddable":true,"href":"https:\/\/blogs.cpnl.cat\/sarriaambgracia\/index.php?rest_route=\/wp\/v2\/users\/527"}],"replies":[{"embeddable":true,"href":"https:\/\/blogs.cpnl.cat\/sarriaambgracia\/index.php?rest_route=%2Fwp%2Fv2%2Fcomments&post=3667"}],"version-history":[{"count":0,"href":"https:\/\/blogs.cpnl.cat\/sarriaambgracia\/index.php?rest_route=\/wp\/v2\/posts\/3667\/revisions"}],"wp:attachment":[{"href":"https:\/\/blogs.cpnl.cat\/sarriaambgracia\/index.php?rest_route=%2Fwp%2Fv2%2Fmedia&parent=3667"}],"wp:term":[{"taxonomy":"category","embeddable":true,"href":"https:\/\/blogs.cpnl.cat\/sarriaambgracia\/index.php?rest_route=%2Fwp%2Fv2%2Fcategories&post=3667"},{"taxonomy":"post_tag","embeddable":true,"href":"https:\/\/blogs.cpnl.cat\/sarriaambgracia\/index.php?rest_route=%2Fwp%2Fv2%2Ftags&post=3667"}],"curies":[{"name":"wp","href":"https:\/\/api.w.org\/{rel}","templated":true}]}}