{"id":3687,"date":"2019-04-04T16:20:23","date_gmt":"2019-04-04T15:20:23","guid":{"rendered":"https:\/\/blogs.cpnl.cat\/sarriaambgracia\/?p=3687"},"modified":"2019-04-08T13:15:47","modified_gmt":"2019-04-08T12:15:47","slug":"fabra-a-la-violeta-de-gracia-el-mes-dabril","status":"publish","type":"post","link":"https:\/\/blogs.cpnl.cat\/sarriaambgracia\/?p=3687","title":{"rendered":"Fabra a la Violeta de Gr\u00e0cia el mes d&#8217;abril"},"content":{"rendered":"<p>El dijous<strong> 4 d\u2019abril a les 12 del migdia<\/strong> es va inaugurar l\u2019exposici\u00f3 \u201cPompeu Fabra. Una llengua completa a la Violeta de Gr\u00e0cia\u201d. Els alumnes de catal\u00e0 i p\u00fablic en general van tenir ocasi\u00f3 de gaudir de la presentaci\u00f3 de <strong>Joan Josep Isern<\/strong>, escriptor i periodista, gran coneixedor de Pompeu Fabra, i que ens il\u00b7lustra cada dia amb els seus escrits al blog de Vilaweb <a href=\"https:\/\/blocs.mesvilaweb.cat\/jotajotai\/\">https:\/\/blocs.mesvilaweb.cat\/jotajotai\/<\/a>anomenat Totxos, totxanes i maons.<\/p>\n<p><img loading=\"lazy\" decoding=\"async\" class=\"alignnone size-medium wp-image-3709\" src=\"https:\/\/blogs.cpnl.cat\/sarriaambgracia\/files\/2019\/04\/IMG-20190408-WA0001-300x180.jpg\" alt=\"\" width=\"300\" height=\"180\" srcset=\"https:\/\/blogs.cpnl.cat\/sarriaambgracia\/files\/2019\/04\/IMG-20190408-WA0001-300x180.jpg 300w, https:\/\/blogs.cpnl.cat\/sarriaambgracia\/files\/2019\/04\/IMG-20190408-WA0001-768x461.jpg 768w, https:\/\/blogs.cpnl.cat\/sarriaambgracia\/files\/2019\/04\/IMG-20190408-WA0001-1024x614.jpg 1024w, https:\/\/blogs.cpnl.cat\/sarriaambgracia\/files\/2019\/04\/IMG-20190408-WA0001.jpg 1600w\" sizes=\"auto, (max-width: 300px) 100vw, 300px\" \/><\/p>\n<p>En els vuit plafons que formen l\u2019exposici\u00f3 \u2018Pompeu Fabra. Una llengua completa\u2019, hi trobem el m\u00e9s essencial del Mestre. Des dels inicis de la seva inquietud pel llenguatge, amb el divorci que hi havia en el darrer ter\u00e7 del segle XIX entre la llengua que es parlava al carrer\u00a0 i la llengua escrita dels literats ancorada en les formes medievals i en l\u2019est\u00e8tica dels Jocs Florals, fins a la seva mort a l\u2019exili de Prada de Conflent el dia de Nadal del 1948.<\/p>\n<p>A l\u2019exposici\u00f3 descobrim tamb\u00e9 el Fabra autodidacte en afers ling\u00fc\u00edstics i el cient\u00edfic de formaci\u00f3. Molts descobriran la faceta de\u00a0sportman. L\u2019excursionisme, el tennis i la nataci\u00f3 van ser les disciplines en qu\u00e8 va excel\u00b7lir, com a practicant primerament i com a dirigent durant els anys de la Rep\u00fablica. Fabra va ser un lluitador molt conscient que amb les seves normes trencava les in\u00e8rcies de molts escriptors \u2013Maragall, Guimer\u00e0, Oller\u2026\u2013 que consideraven que l\u2019establiment d\u2019una normativa ortogr\u00e0fica i gramatical era una limitaci\u00f3 intolerable per a la seva creativitat.<\/p>\n<p>Sobretot, a \u2018Pompeu Fabra. Una llengua completa\u2019, hi trobem l\u2019home comprom\u00e8s amb el pa\u00eds que fa costat al proc\u00e9s de modernitzaci\u00f3 activat per Prat de la Riba i tots els promotors de la Mancomunitat. Gent que sabia molt b\u00e9 que el llenguatge no \u00e9s innocu i que un pa\u00eds no es modernitza si, paral\u00b7lelament, la llengua que li \u00e9s pr\u00f2pia no secunda aquest proc\u00e9s.<\/p>\n<p><a href=\"http:\/\/www.lavioleta.cat\/\">http:\/\/www.lavioleta.cat\/<\/a><\/p>\n","protected":false},"excerpt":{"rendered":"<p>El dijous 4 d\u2019abril a les 12 del migdia es va inaugurar l\u2019exposici\u00f3 \u201cPompeu Fabra. Una llengua completa a la Violeta de Gr\u00e0cia\u201d. Els alumnes de catal\u00e0 i p\u00fablic en general van tenir ocasi\u00f3 de gaudir de la presentaci\u00f3 de Joan Josep Isern, escriptor i periodista, gran coneixedor de Pompeu Fabra, i que ens il\u00b7lustra [&hellip;]<\/p>\n","protected":false},"author":527,"featured_media":0,"comment_status":"open","ping_status":"closed","sticky":false,"template":"","format":"standard","meta":{"ngg_post_thumbnail":0,"footnotes":""},"categories":[140808,40148,6,77424],"tags":[],"class_list":["post-3687","post","type-post","status-publish","format-standard","hentry","category-activitats-literaries-i-trobades-amb-autors","category-exposicions","category-general","category-lespai-dels-professors"],"_links":{"self":[{"href":"https:\/\/blogs.cpnl.cat\/sarriaambgracia\/index.php?rest_route=\/wp\/v2\/posts\/3687","targetHints":{"allow":["GET"]}}],"collection":[{"href":"https:\/\/blogs.cpnl.cat\/sarriaambgracia\/index.php?rest_route=\/wp\/v2\/posts"}],"about":[{"href":"https:\/\/blogs.cpnl.cat\/sarriaambgracia\/index.php?rest_route=\/wp\/v2\/types\/post"}],"author":[{"embeddable":true,"href":"https:\/\/blogs.cpnl.cat\/sarriaambgracia\/index.php?rest_route=\/wp\/v2\/users\/527"}],"replies":[{"embeddable":true,"href":"https:\/\/blogs.cpnl.cat\/sarriaambgracia\/index.php?rest_route=%2Fwp%2Fv2%2Fcomments&post=3687"}],"version-history":[{"count":0,"href":"https:\/\/blogs.cpnl.cat\/sarriaambgracia\/index.php?rest_route=\/wp\/v2\/posts\/3687\/revisions"}],"wp:attachment":[{"href":"https:\/\/blogs.cpnl.cat\/sarriaambgracia\/index.php?rest_route=%2Fwp%2Fv2%2Fmedia&parent=3687"}],"wp:term":[{"taxonomy":"category","embeddable":true,"href":"https:\/\/blogs.cpnl.cat\/sarriaambgracia\/index.php?rest_route=%2Fwp%2Fv2%2Fcategories&post=3687"},{"taxonomy":"post_tag","embeddable":true,"href":"https:\/\/blogs.cpnl.cat\/sarriaambgracia\/index.php?rest_route=%2Fwp%2Fv2%2Ftags&post=3687"}],"curies":[{"name":"wp","href":"https:\/\/api.w.org\/{rel}","templated":true}]}}