{"id":3689,"date":"2019-04-03T16:17:56","date_gmt":"2019-04-03T15:17:56","guid":{"rendered":"https:\/\/blogs.cpnl.cat\/sarriaambgracia\/?p=3689"},"modified":"2019-05-22T12:34:32","modified_gmt":"2019-05-22T11:34:32","slug":"lasociacion-de-mujeres-migradas-diversas-a-la-darrera-sessio-de-folk-als-mercats","status":"publish","type":"post","link":"https:\/\/blogs.cpnl.cat\/sarriaambgracia\/?p=3689","title":{"rendered":"L&#8217;Asociaci\u00f3n de Mujeres Migrantes Diversas a la darrera sessi\u00f3 de Folk als Mercats"},"content":{"rendered":"<p><span lang=\"ca\">El proper dissabte 6 d\u2019abril al mat\u00ed tindr\u00e0 lloc la darrera sessi\u00f3 de Folk als Mercats amb el grup Namorala Pandeireteiras.\u00a0 El curs de catal\u00e0 de nivell B1 de l&#8217;Associaci\u00f3 de Mujeres Migrantes Diversas hi assistir\u00e0 per con\u00e8ixer al grup de m\u00fasiques i celebrar el seu darrer dia de classe amb les pandeireteiras. Aniran primer al Mercat de la Llibertat i despr\u00e9s al Mercat de l\u2019Abaceria.<\/span><\/p>\n<p><img loading=\"lazy\" decoding=\"async\" class=\"alignnone size-medium wp-image-3691\" src=\"https:\/\/blogs.cpnl.cat\/sarriaambgracia\/files\/2019\/04\/060419-Folk-als-Mercats-Namorala-pandereteiras-300x300.jpg\" alt=\"\" width=\"300\" height=\"300\" srcset=\"https:\/\/blogs.cpnl.cat\/sarriaambgracia\/files\/2019\/04\/060419-Folk-als-Mercats-Namorala-pandereteiras-300x300.jpg 300w, https:\/\/blogs.cpnl.cat\/sarriaambgracia\/files\/2019\/04\/060419-Folk-als-Mercats-Namorala-pandereteiras-150x150.jpg 150w, https:\/\/blogs.cpnl.cat\/sarriaambgracia\/files\/2019\/04\/060419-Folk-als-Mercats-Namorala-pandereteiras-768x768.jpg 768w, https:\/\/blogs.cpnl.cat\/sarriaambgracia\/files\/2019\/04\/060419-Folk-als-Mercats-Namorala-pandereteiras-1024x1024.jpg 1024w\" sizes=\"auto, (max-width: 300px) 100vw, 300px\" \/><\/p>\n","protected":false},"excerpt":{"rendered":"<p>El proper dissabte 6 d\u2019abril al mat\u00ed tindr\u00e0 lloc la darrera sessi\u00f3 de Folk als Mercats amb el grup Namorala Pandeireteiras.\u00a0 El curs de catal\u00e0 de nivell B1 de l&#8217;Associaci\u00f3 de Mujeres Migrantes Diversas hi assistir\u00e0 per con\u00e8ixer al grup de m\u00fasiques i celebrar el seu darrer dia de classe amb les pandeireteiras. Aniran primer [&hellip;]<\/p>\n","protected":false},"author":527,"featured_media":0,"comment_status":"open","ping_status":"closed","sticky":false,"template":"","format":"standard","meta":{"ngg_post_thumbnail":0,"footnotes":""},"categories":[6,77424],"tags":[],"class_list":["post-3689","post","type-post","status-publish","format-standard","hentry","category-general","category-lespai-dels-professors"],"_links":{"self":[{"href":"https:\/\/blogs.cpnl.cat\/sarriaambgracia\/index.php?rest_route=\/wp\/v2\/posts\/3689","targetHints":{"allow":["GET"]}}],"collection":[{"href":"https:\/\/blogs.cpnl.cat\/sarriaambgracia\/index.php?rest_route=\/wp\/v2\/posts"}],"about":[{"href":"https:\/\/blogs.cpnl.cat\/sarriaambgracia\/index.php?rest_route=\/wp\/v2\/types\/post"}],"author":[{"embeddable":true,"href":"https:\/\/blogs.cpnl.cat\/sarriaambgracia\/index.php?rest_route=\/wp\/v2\/users\/527"}],"replies":[{"embeddable":true,"href":"https:\/\/blogs.cpnl.cat\/sarriaambgracia\/index.php?rest_route=%2Fwp%2Fv2%2Fcomments&post=3689"}],"version-history":[{"count":0,"href":"https:\/\/blogs.cpnl.cat\/sarriaambgracia\/index.php?rest_route=\/wp\/v2\/posts\/3689\/revisions"}],"wp:attachment":[{"href":"https:\/\/blogs.cpnl.cat\/sarriaambgracia\/index.php?rest_route=%2Fwp%2Fv2%2Fmedia&parent=3689"}],"wp:term":[{"taxonomy":"category","embeddable":true,"href":"https:\/\/blogs.cpnl.cat\/sarriaambgracia\/index.php?rest_route=%2Fwp%2Fv2%2Fcategories&post=3689"},{"taxonomy":"post_tag","embeddable":true,"href":"https:\/\/blogs.cpnl.cat\/sarriaambgracia\/index.php?rest_route=%2Fwp%2Fv2%2Ftags&post=3689"}],"curies":[{"name":"wp","href":"https:\/\/api.w.org\/{rel}","templated":true}]}}