{"id":3703,"date":"2019-04-04T12:08:20","date_gmt":"2019-04-04T11:08:20","guid":{"rendered":"https:\/\/blogs.cpnl.cat\/sarriaambgracia\/?p=3703"},"modified":"2019-04-08T12:08:33","modified_gmt":"2019-04-08T11:08:33","slug":"el-cnl-de-barcelona-i-el-club-esportiu-europa-promouen-el-voluntariat-linguistic-en-el-mon-de-lesport-gracienc","status":"publish","type":"post","link":"https:\/\/blogs.cpnl.cat\/sarriaambgracia\/?p=3703","title":{"rendered":"El CNL de Barcelona i el Club Esportiu Europa promouen el voluntariat ling\u00fc\u00edstic en el m\u00f3n de l\u2019esport gracienc"},"content":{"rendered":"<p>Les dues organitzacions han signat un conveni de col\u00b7laboraci\u00f3 que inclou la difusi\u00f3 del programa Voluntariat per la llengua per part de l&#8217;entitat gracienca.<\/p>\n<p>La Delegaci\u00f3 de Gr\u00e0cia i Sarri\u00e0 &#8211; Sant Gervasi del CNL de Barcelona i el Club Esportiu Europa acaben de signar un conveni de col\u00b7laboraci\u00f3. La relaci\u00f3 entre les dues organitzacions es va iniciar l&#8217;octubre de 2018, moment en qu\u00e8 l&#8217;Europa va acollir la presentaci\u00f3 de l&#8217;exposici\u00f3 &#8220;Pompeu Fabra. Una llengua completa&#8221;, en plena commemoraci\u00f3 de l&#8217;Any Pompeu Fabra.<\/p>\n<p>Una de les actuacions destacades d&#8217;aquesta col\u00b7laboraci\u00f3 \u00e9s l&#8217;aposta per la difusi\u00f3 del Voluntariat per la llengua a trav\u00e9s del peri\u00f2dic L&#8217;Escapvlat. A m\u00e9s, s&#8217;ha instal\u00b7lat una b\u00fastia d&#8217;inscripci\u00f3 al bar de l&#8217;estadi Nou Sardenya perqu\u00e8 tothom que ho desitgi pugui fer-se voluntari o aprenent del programa.<\/p>\n<p>Un dels \u00e0mbits espec\u00edfics en qu\u00e8 treballa el Voluntariat per la llengua \u00e9s precisament el m\u00f3n esportiu. A partir del programa Mou-te, de la Direcci\u00f3 General de Pol\u00edtica Ling\u00fc\u00edstica, es busca fer cr\u00e9ixer l&#8217;\u00fas de la llengua catalana en les entitats i els centres esportius, amb la creaci\u00f3 de parelles ling\u00fc\u00edstiques formades per persones que en s\u00f3n usu\u00e0ries.<\/p>\n<p><img decoding=\"async\" src=\"http:\/\/www.cpnl.cat\/media\/upload\/gif\/\/e_vxleuropalogos_editora_128_22916_1.png\" alt=\"El CNL de Barcelona i el Club Esportiu Europa promouen el voluntariat ling\u00fc\u00edstic en el m\u00f3n de l\u2019esport gracienc\" border=\"0\" \/><\/p>\n","protected":false},"excerpt":{"rendered":"<p>Les dues organitzacions han signat un conveni de col\u00b7laboraci\u00f3 que inclou la difusi\u00f3 del programa Voluntariat per la llengua per part de l&#8217;entitat gracienca. La Delegaci\u00f3 de Gr\u00e0cia i Sarri\u00e0 &#8211; Sant Gervasi del CNL de Barcelona i el Club Esportiu Europa acaben de signar un conveni de col\u00b7laboraci\u00f3. La relaci\u00f3 entre les dues organitzacions [&hellip;]<\/p>\n","protected":false},"author":527,"featured_media":0,"comment_status":"open","ping_status":"closed","sticky":false,"template":"","format":"standard","meta":{"ngg_post_thumbnail":0,"footnotes":""},"categories":[6,77424],"tags":[],"class_list":["post-3703","post","type-post","status-publish","format-standard","hentry","category-general","category-lespai-dels-professors"],"_links":{"self":[{"href":"https:\/\/blogs.cpnl.cat\/sarriaambgracia\/index.php?rest_route=\/wp\/v2\/posts\/3703","targetHints":{"allow":["GET"]}}],"collection":[{"href":"https:\/\/blogs.cpnl.cat\/sarriaambgracia\/index.php?rest_route=\/wp\/v2\/posts"}],"about":[{"href":"https:\/\/blogs.cpnl.cat\/sarriaambgracia\/index.php?rest_route=\/wp\/v2\/types\/post"}],"author":[{"embeddable":true,"href":"https:\/\/blogs.cpnl.cat\/sarriaambgracia\/index.php?rest_route=\/wp\/v2\/users\/527"}],"replies":[{"embeddable":true,"href":"https:\/\/blogs.cpnl.cat\/sarriaambgracia\/index.php?rest_route=%2Fwp%2Fv2%2Fcomments&post=3703"}],"version-history":[{"count":0,"href":"https:\/\/blogs.cpnl.cat\/sarriaambgracia\/index.php?rest_route=\/wp\/v2\/posts\/3703\/revisions"}],"wp:attachment":[{"href":"https:\/\/blogs.cpnl.cat\/sarriaambgracia\/index.php?rest_route=%2Fwp%2Fv2%2Fmedia&parent=3703"}],"wp:term":[{"taxonomy":"category","embeddable":true,"href":"https:\/\/blogs.cpnl.cat\/sarriaambgracia\/index.php?rest_route=%2Fwp%2Fv2%2Fcategories&post=3703"},{"taxonomy":"post_tag","embeddable":true,"href":"https:\/\/blogs.cpnl.cat\/sarriaambgracia\/index.php?rest_route=%2Fwp%2Fv2%2Ftags&post=3703"}],"curies":[{"name":"wp","href":"https:\/\/api.w.org\/{rel}","templated":true}]}}