{"id":3704,"date":"2019-04-08T08:44:13","date_gmt":"2019-04-08T07:44:13","guid":{"rendered":"https:\/\/blogs.cpnl.cat\/sarriaambgracia\/?p=3704"},"modified":"2019-05-22T12:30:26","modified_gmt":"2019-05-22T11:30:26","slug":"lasociacion-de-mujeres-migradas-diversas-al-folk-als-mercats-per-acomiadar-el-curs","status":"publish","type":"post","link":"https:\/\/blogs.cpnl.cat\/sarriaambgracia\/?p=3704","title":{"rendered":"L\u2019Asociaci\u00f3n de Mujeres Migrantes Diversas al Folk als Mercats per acomiadar el curs"},"content":{"rendered":"<p>El dissabte 6 d\u2019abril van acabar els cursos de catal\u00e0 dels dos grups d\u2019alumnes de l\u2019Asociaci\u00f3n Mujeres Migrantes Diversas a la delegaci\u00f3 de Gr\u00e0cia i Sarri\u00e0-Sant Gervasi. El grup de nivell B1 del mat\u00ed va celebrar el fi de curs amb el grup Namorala Pandereteiras al mercat de la Llibertat.<\/p>\n<p>Sara Peralta, del Centre Artes\u00e0 Tradicion\u00e0rius (C.A.T.), va explicar a les alumnes les activitats, concerts i tallers que s\u2019hi fan, entre altres, el taller del grup Namorala Pandereteiras. A continuaci\u00f3, les alumnes es van traslladar al mercat de la Llibertat on van assistir a una sessi\u00f3 especial, ja que Eva L\u00f3pez, la professora de Pandereteiras, els va fer una explicaci\u00f3, amb una posterior demostraci\u00f3 en directe. A les 12 van gaudir en directe de la cloenda de l\u2019edici\u00f3 <a href=\"https:\/\/www.facebook.com\/hashtag\/folkalsmercats?source=feed_text&amp;epa=HASHTAG&amp;__xts__%5B0%5D=68.ARAQsg50r2AKdclVaK-Ak_W-RppvwmvRM4LOAzlO1QLbKwrXesQOpdXpMfDtJaZzpjtdFCNFGas4X5NIOpWDhlEYNAp2gpLT3V6uDjSp4E21qdud8aUtQDoi9nkSQuwJJkBWwR_zrN9ZkXlcJNllIu8Qqd1pnr1VBiAZDIviR7p8wy6RUWiLnPiRZGiJAmqsYZWjXOjGtzPmAZzXAH_euzJzHCaFACiWglmXcpwIxbr0UY6Bz8sTlPdIQNYqBH9S1cdyJPmeGRefWrPF9Tl_hH_mA3ltWWx2qY5ksTyhlL_jT7sImMCumhSdF6wwU5D7tdKx9GpLHT9e2yHZFeNw2Q7Pw_5CYyI3kNFPEC-vIEYah9YigoGGwS7aaPy6sdbSGnSvNEkJKN81xM7dNd0Z7xNUcv0U995-V6fXLhTEVljxBwzEbYBnvRDw_Oi3TzXyqeOstcsEVDOMzCAi5-GeFA2O2KKASyWl4Vj7M6rs6P2-EgzKgVt0x5t-&amp;__tn__=%2ANKH-R\">#FolkalsMercats<\/a>, gaudint de les actuacions mentre passejaven pel mercat.<\/p>\n<p><a href=\"http:\/\/www.tradicionarius.cat\/es\">http:\/\/www.tradicionarius.cat\/<\/a><\/p>\n<p><img loading=\"lazy\" decoding=\"async\" class=\"alignnone wp-image-3705\" src=\"https:\/\/blogs.cpnl.cat\/sarriaambgracia\/files\/2019\/04\/IMG-20190406-WA0009-300x180.jpg\" alt=\"\" width=\"247\" height=\"148\" srcset=\"https:\/\/blogs.cpnl.cat\/sarriaambgracia\/files\/2019\/04\/IMG-20190406-WA0009-300x180.jpg 300w, https:\/\/blogs.cpnl.cat\/sarriaambgracia\/files\/2019\/04\/IMG-20190406-WA0009-768x461.jpg 768w, https:\/\/blogs.cpnl.cat\/sarriaambgracia\/files\/2019\/04\/IMG-20190406-WA0009-1024x614.jpg 1024w, https:\/\/blogs.cpnl.cat\/sarriaambgracia\/files\/2019\/04\/IMG-20190406-WA0009.jpg 1600w\" sizes=\"auto, (max-width: 247px) 100vw, 247px\" \/> <img loading=\"lazy\" decoding=\"async\" class=\"alignnone wp-image-3706\" src=\"https:\/\/blogs.cpnl.cat\/sarriaambgracia\/files\/2019\/04\/IMG-20190406-WA0018-300x180.jpg\" alt=\"\" width=\"251\" height=\"151\" srcset=\"https:\/\/blogs.cpnl.cat\/sarriaambgracia\/files\/2019\/04\/IMG-20190406-WA0018-300x180.jpg 300w, https:\/\/blogs.cpnl.cat\/sarriaambgracia\/files\/2019\/04\/IMG-20190406-WA0018-768x461.jpg 768w, https:\/\/blogs.cpnl.cat\/sarriaambgracia\/files\/2019\/04\/IMG-20190406-WA0018-1024x614.jpg 1024w, https:\/\/blogs.cpnl.cat\/sarriaambgracia\/files\/2019\/04\/IMG-20190406-WA0018.jpg 1600w\" sizes=\"auto, (max-width: 251px) 100vw, 251px\" \/><\/p>\n","protected":false},"excerpt":{"rendered":"<p>El dissabte 6 d\u2019abril van acabar els cursos de catal\u00e0 dels dos grups d\u2019alumnes de l\u2019Asociaci\u00f3n Mujeres Migrantes Diversas a la delegaci\u00f3 de Gr\u00e0cia i Sarri\u00e0-Sant Gervasi. El grup de nivell B1 del mat\u00ed va celebrar el fi de curs amb el grup Namorala Pandereteiras al mercat de la Llibertat. Sara Peralta, del Centre Artes\u00e0 [&hellip;]<\/p>\n","protected":false},"author":527,"featured_media":0,"comment_status":"open","ping_status":"closed","sticky":false,"template":"","format":"standard","meta":{"ngg_post_thumbnail":0,"footnotes":""},"categories":[141011,6,77424],"tags":[],"class_list":["post-3704","post","type-post","status-publish","format-standard","hentry","category-establiments-collaboradors-voluntariat-per-la-llengua","category-general","category-lespai-dels-professors"],"_links":{"self":[{"href":"https:\/\/blogs.cpnl.cat\/sarriaambgracia\/index.php?rest_route=\/wp\/v2\/posts\/3704","targetHints":{"allow":["GET"]}}],"collection":[{"href":"https:\/\/blogs.cpnl.cat\/sarriaambgracia\/index.php?rest_route=\/wp\/v2\/posts"}],"about":[{"href":"https:\/\/blogs.cpnl.cat\/sarriaambgracia\/index.php?rest_route=\/wp\/v2\/types\/post"}],"author":[{"embeddable":true,"href":"https:\/\/blogs.cpnl.cat\/sarriaambgracia\/index.php?rest_route=\/wp\/v2\/users\/527"}],"replies":[{"embeddable":true,"href":"https:\/\/blogs.cpnl.cat\/sarriaambgracia\/index.php?rest_route=%2Fwp%2Fv2%2Fcomments&post=3704"}],"version-history":[{"count":0,"href":"https:\/\/blogs.cpnl.cat\/sarriaambgracia\/index.php?rest_route=\/wp\/v2\/posts\/3704\/revisions"}],"wp:attachment":[{"href":"https:\/\/blogs.cpnl.cat\/sarriaambgracia\/index.php?rest_route=%2Fwp%2Fv2%2Fmedia&parent=3704"}],"wp:term":[{"taxonomy":"category","embeddable":true,"href":"https:\/\/blogs.cpnl.cat\/sarriaambgracia\/index.php?rest_route=%2Fwp%2Fv2%2Fcategories&post=3704"},{"taxonomy":"post_tag","embeddable":true,"href":"https:\/\/blogs.cpnl.cat\/sarriaambgracia\/index.php?rest_route=%2Fwp%2Fv2%2Ftags&post=3704"}],"curies":[{"name":"wp","href":"https:\/\/api.w.org\/{rel}","templated":true}]}}