{"id":3708,"date":"2019-04-04T16:49:59","date_gmt":"2019-04-04T15:49:59","guid":{"rendered":"https:\/\/blogs.cpnl.cat\/sarriaambgracia\/?p=3708"},"modified":"2019-04-08T12:50:46","modified_gmt":"2019-04-08T11:50:46","slug":"xerrada-sobre-la-vida-i-lobra-de-pompeu-fabra-a-la-violeta","status":"publish","type":"post","link":"https:\/\/blogs.cpnl.cat\/sarriaambgracia\/?p=3708","title":{"rendered":"Xerrada sobre la vida i l&#8217;obra de Pompeu Fabra a la Violeta"},"content":{"rendered":"<p>El <strong>dimecres, 10 d&#8217;abril, a les 18.30 h<\/strong>, tindr\u00e0 lloc a l&#8217;Auditori de la Violeta una xerrada sobre la vida i l&#8217;obra de Pompeu Fabra, a c\u00e0rrec de Jordi Manent, fil\u00f2leg i autor del llibre <em>Pompeu Fabra a l\u2019exili<\/em> (2005), compilador i editor de l\u2019epistolari de Pompeu Fabra (volum 8 de les obres completes), i autor, amb Albert Manent, de <em>Cartes de Pompeu Fabra a Josep Pous i Pag\u00e8s<\/em>.<\/p>\n<p><img loading=\"lazy\" decoding=\"async\" class=\"irc_mi\" src=\"https:\/\/www.arabalears.cat\/2018\/11\/18\/premium\/politica\/Jordi-Manent-Paisos-Catalans-bumerang_2127397287_58348326_825x1500.jpg\" alt=\"Resultado de imagen de jordi manent\" width=\"149\" height=\"271\" data-iml=\"1554724174895\" \/><\/p>\n<p><a href=\"http:\/\/www.lavioleta.cat\/\">http:\/\/www.lavioleta.cat\/<\/a><\/p>\n","protected":false},"excerpt":{"rendered":"<p>El dimecres, 10 d&#8217;abril, a les 18.30 h, tindr\u00e0 lloc a l&#8217;Auditori de la Violeta una xerrada sobre la vida i l&#8217;obra de Pompeu Fabra, a c\u00e0rrec de Jordi Manent, fil\u00f2leg i autor del llibre Pompeu Fabra a l\u2019exili (2005), compilador i editor de l\u2019epistolari de Pompeu Fabra (volum 8 de les obres completes), i [&hellip;]<\/p>\n","protected":false},"author":527,"featured_media":0,"comment_status":"open","ping_status":"closed","sticky":false,"template":"","format":"standard","meta":{"ngg_post_thumbnail":0,"footnotes":""},"categories":[6],"tags":[],"class_list":["post-3708","post","type-post","status-publish","format-standard","hentry","category-general"],"_links":{"self":[{"href":"https:\/\/blogs.cpnl.cat\/sarriaambgracia\/index.php?rest_route=\/wp\/v2\/posts\/3708","targetHints":{"allow":["GET"]}}],"collection":[{"href":"https:\/\/blogs.cpnl.cat\/sarriaambgracia\/index.php?rest_route=\/wp\/v2\/posts"}],"about":[{"href":"https:\/\/blogs.cpnl.cat\/sarriaambgracia\/index.php?rest_route=\/wp\/v2\/types\/post"}],"author":[{"embeddable":true,"href":"https:\/\/blogs.cpnl.cat\/sarriaambgracia\/index.php?rest_route=\/wp\/v2\/users\/527"}],"replies":[{"embeddable":true,"href":"https:\/\/blogs.cpnl.cat\/sarriaambgracia\/index.php?rest_route=%2Fwp%2Fv2%2Fcomments&post=3708"}],"version-history":[{"count":0,"href":"https:\/\/blogs.cpnl.cat\/sarriaambgracia\/index.php?rest_route=\/wp\/v2\/posts\/3708\/revisions"}],"wp:attachment":[{"href":"https:\/\/blogs.cpnl.cat\/sarriaambgracia\/index.php?rest_route=%2Fwp%2Fv2%2Fmedia&parent=3708"}],"wp:term":[{"taxonomy":"category","embeddable":true,"href":"https:\/\/blogs.cpnl.cat\/sarriaambgracia\/index.php?rest_route=%2Fwp%2Fv2%2Fcategories&post=3708"},{"taxonomy":"post_tag","embeddable":true,"href":"https:\/\/blogs.cpnl.cat\/sarriaambgracia\/index.php?rest_route=%2Fwp%2Fv2%2Ftags&post=3708"}],"curies":[{"name":"wp","href":"https:\/\/api.w.org\/{rel}","templated":true}]}}