{"id":3710,"date":"2019-04-11T08:53:09","date_gmt":"2019-04-11T07:53:09","guid":{"rendered":"https:\/\/blogs.cpnl.cat\/sarriaambgracia\/?p=3710"},"modified":"2019-04-11T08:59:16","modified_gmt":"2019-04-11T07:59:16","slug":"jordi-manent-parla-de-fabra-a-la-violeta-de-gracia","status":"publish","type":"post","link":"https:\/\/blogs.cpnl.cat\/sarriaambgracia\/?p=3710","title":{"rendered":"Jordi Manent parla de Fabra a la Violeta de Gr\u00e0cia"},"content":{"rendered":"<p>El dimecres 10 d&#8217;abril, a dos quarts de set de la tarda, Jordi Manent va fer una xerrada sobre Pompeu Fabra a La Violeta de Gr\u00e0cia organitzada pel CNL de Barcelona, delegaci\u00f3 de Gr\u00e0cia i Sarri\u00e0-Sant Gervasi, amb motiu de la inauguraci\u00f3 de l&#8217;exposici\u00f3 de Fabra al centre a la qual van assistir una trentena de persones<\/p>\n<p>L\u00eddia Alberich, delegada de la delegaci\u00f3, va presentar el conferenciant, Jordi Manent, fil\u00f2leg i estudi\u00f3s de Fabra, que ha publicat la correspond\u00e8ncia de Fabra a l\u2019exili.<\/p>\n<p>Manent va impartir la confer\u00e8ncia amb el t\u00edtol \u201cPompeu Fabra, el ling\u00fcista excepcional i el personatge c\u00edvic\u201d, en la qual va parlar de la faceta personal del personatge, des del naixement fins a l&#8217;exili, de la seva obra i de la relaci\u00f3 que va tenir amb institucions i entitats del moment. En acabar, es va obrir un torn de paraules, en qu\u00e8 els assistents van tenir ocasi\u00f3 de fer alguna pregunta sobre aquest personatge cabdal en la hist\u00f2ria de la llengua catalana.<\/p>\n<p><img loading=\"lazy\" decoding=\"async\" class=\"alignnone wp-image-3711\" src=\"https:\/\/blogs.cpnl.cat\/sarriaambgracia\/files\/2019\/04\/IMG-20190410-WA0006-300x245.jpg\" alt=\"\" width=\"320\" height=\"261\" srcset=\"https:\/\/blogs.cpnl.cat\/sarriaambgracia\/files\/2019\/04\/IMG-20190410-WA0006-300x245.jpg 300w, https:\/\/blogs.cpnl.cat\/sarriaambgracia\/files\/2019\/04\/IMG-20190410-WA0006-768x628.jpg 768w, https:\/\/blogs.cpnl.cat\/sarriaambgracia\/files\/2019\/04\/IMG-20190410-WA0006-1024x837.jpg 1024w, https:\/\/blogs.cpnl.cat\/sarriaambgracia\/files\/2019\/04\/IMG-20190410-WA0006.jpg 1600w\" sizes=\"auto, (max-width: 320px) 100vw, 320px\" \/><\/p>\n","protected":false},"excerpt":{"rendered":"<p>El dimecres 10 d&#8217;abril, a dos quarts de set de la tarda, Jordi Manent va fer una xerrada sobre Pompeu Fabra a La Violeta de Gr\u00e0cia organitzada pel CNL de Barcelona, delegaci\u00f3 de Gr\u00e0cia i Sarri\u00e0-Sant Gervasi, amb motiu de la inauguraci\u00f3 de l&#8217;exposici\u00f3 de Fabra al centre a la qual van assistir una trentena [&hellip;]<\/p>\n","protected":false},"author":527,"featured_media":0,"comment_status":"open","ping_status":"closed","sticky":false,"template":"","format":"standard","meta":{"ngg_post_thumbnail":0,"footnotes":""},"categories":[140808,40148,6,77424],"tags":[],"class_list":["post-3710","post","type-post","status-publish","format-standard","hentry","category-activitats-literaries-i-trobades-amb-autors","category-exposicions","category-general","category-lespai-dels-professors"],"_links":{"self":[{"href":"https:\/\/blogs.cpnl.cat\/sarriaambgracia\/index.php?rest_route=\/wp\/v2\/posts\/3710","targetHints":{"allow":["GET"]}}],"collection":[{"href":"https:\/\/blogs.cpnl.cat\/sarriaambgracia\/index.php?rest_route=\/wp\/v2\/posts"}],"about":[{"href":"https:\/\/blogs.cpnl.cat\/sarriaambgracia\/index.php?rest_route=\/wp\/v2\/types\/post"}],"author":[{"embeddable":true,"href":"https:\/\/blogs.cpnl.cat\/sarriaambgracia\/index.php?rest_route=\/wp\/v2\/users\/527"}],"replies":[{"embeddable":true,"href":"https:\/\/blogs.cpnl.cat\/sarriaambgracia\/index.php?rest_route=%2Fwp%2Fv2%2Fcomments&post=3710"}],"version-history":[{"count":0,"href":"https:\/\/blogs.cpnl.cat\/sarriaambgracia\/index.php?rest_route=\/wp\/v2\/posts\/3710\/revisions"}],"wp:attachment":[{"href":"https:\/\/blogs.cpnl.cat\/sarriaambgracia\/index.php?rest_route=%2Fwp%2Fv2%2Fmedia&parent=3710"}],"wp:term":[{"taxonomy":"category","embeddable":true,"href":"https:\/\/blogs.cpnl.cat\/sarriaambgracia\/index.php?rest_route=%2Fwp%2Fv2%2Fcategories&post=3710"},{"taxonomy":"post_tag","embeddable":true,"href":"https:\/\/blogs.cpnl.cat\/sarriaambgracia\/index.php?rest_route=%2Fwp%2Fv2%2Ftags&post=3710"}],"curies":[{"name":"wp","href":"https:\/\/api.w.org\/{rel}","templated":true}]}}