{"id":3716,"date":"2019-04-11T08:55:34","date_gmt":"2019-04-11T07:55:34","guid":{"rendered":"https:\/\/blogs.cpnl.cat\/sarriaambgracia\/?p=3716"},"modified":"2019-04-11T09:37:53","modified_gmt":"2019-04-11T08:37:53","slug":"nova-trobada-de-scrabble-a-la-delegacio","status":"publish","type":"post","link":"https:\/\/blogs.cpnl.cat\/sarriaambgracia\/?p=3716","title":{"rendered":"Nova trobada de Scrabble a la delegaci\u00f3"},"content":{"rendered":"<p>El dimecres 10 d&#8217;abril, de 18 a 20.30 h<strong>, <\/strong>la <a href=\"http:\/\/www.fiscrabble.cat\/\">Federaci\u00f3 Internacional de Scrabble en Catal\u00e0<\/a> va dur a terme la trobada mensual de Scrabble a la delegaci\u00f3 de Gr\u00e0cia i Sarri\u00e0-Sant Gervasi. Hi va participar durant una estona un grup de nivell elemental dels cursos de catal\u00e0 i totes\u00a0 les persones que entraven al centre i tenien ganes de jugar-hi s&#8217;hi van anar afegint.<\/p>\n<p><img loading=\"lazy\" decoding=\"async\" class=\"alignnone wp-image-3713\" src=\"https:\/\/blogs.cpnl.cat\/sarriaambgracia\/files\/2019\/04\/IMG-20190410-WA0009-300x169.jpg\" alt=\"\" width=\"385\" height=\"217\" srcset=\"https:\/\/blogs.cpnl.cat\/sarriaambgracia\/files\/2019\/04\/IMG-20190410-WA0009-300x169.jpg 300w, https:\/\/blogs.cpnl.cat\/sarriaambgracia\/files\/2019\/04\/IMG-20190410-WA0009-768x432.jpg 768w, https:\/\/blogs.cpnl.cat\/sarriaambgracia\/files\/2019\/04\/IMG-20190410-WA0009-1024x576.jpg 1024w, https:\/\/blogs.cpnl.cat\/sarriaambgracia\/files\/2019\/04\/IMG-20190410-WA0009.jpg 1600w\" sizes=\"auto, (max-width: 385px) 100vw, 385px\" \/><\/p>\n<p>Les properes trobades per jugar seran a les 18 hores els dies:<\/p>\n<p><strong>15 de maig<\/strong><\/p>\n<p><strong>19 de juny<\/strong><\/p>\n<p><strong>17 de juliol<\/strong><\/p>\n<p>No us ho perdeu i veniu a passar una estona divertida!<\/p>\n","protected":false},"excerpt":{"rendered":"<p>El dimecres 10 d&#8217;abril, de 18 a 20.30 h, la Federaci\u00f3 Internacional de Scrabble en Catal\u00e0 va dur a terme la trobada mensual de Scrabble a la delegaci\u00f3 de Gr\u00e0cia i Sarri\u00e0-Sant Gervasi. Hi va participar durant una estona un grup de nivell elemental dels cursos de catal\u00e0 i totes\u00a0 les persones que entraven al [&hellip;]<\/p>\n","protected":false},"author":527,"featured_media":0,"comment_status":"open","ping_status":"closed","sticky":false,"template":"","format":"standard","meta":{"ngg_post_thumbnail":0,"footnotes":""},"categories":[6],"tags":[],"class_list":["post-3716","post","type-post","status-publish","format-standard","hentry","category-general"],"_links":{"self":[{"href":"https:\/\/blogs.cpnl.cat\/sarriaambgracia\/index.php?rest_route=\/wp\/v2\/posts\/3716","targetHints":{"allow":["GET"]}}],"collection":[{"href":"https:\/\/blogs.cpnl.cat\/sarriaambgracia\/index.php?rest_route=\/wp\/v2\/posts"}],"about":[{"href":"https:\/\/blogs.cpnl.cat\/sarriaambgracia\/index.php?rest_route=\/wp\/v2\/types\/post"}],"author":[{"embeddable":true,"href":"https:\/\/blogs.cpnl.cat\/sarriaambgracia\/index.php?rest_route=\/wp\/v2\/users\/527"}],"replies":[{"embeddable":true,"href":"https:\/\/blogs.cpnl.cat\/sarriaambgracia\/index.php?rest_route=%2Fwp%2Fv2%2Fcomments&post=3716"}],"version-history":[{"count":0,"href":"https:\/\/blogs.cpnl.cat\/sarriaambgracia\/index.php?rest_route=\/wp\/v2\/posts\/3716\/revisions"}],"wp:attachment":[{"href":"https:\/\/blogs.cpnl.cat\/sarriaambgracia\/index.php?rest_route=%2Fwp%2Fv2%2Fmedia&parent=3716"}],"wp:term":[{"taxonomy":"category","embeddable":true,"href":"https:\/\/blogs.cpnl.cat\/sarriaambgracia\/index.php?rest_route=%2Fwp%2Fv2%2Fcategories&post=3716"},{"taxonomy":"post_tag","embeddable":true,"href":"https:\/\/blogs.cpnl.cat\/sarriaambgracia\/index.php?rest_route=%2Fwp%2Fv2%2Ftags&post=3716"}],"curies":[{"name":"wp","href":"https:\/\/api.w.org\/{rel}","templated":true}]}}