{"id":3806,"date":"2019-05-14T12:35:00","date_gmt":"2019-05-14T11:35:00","guid":{"rendered":"https:\/\/blogs.cpnl.cat\/sarriaambgracia\/?p=3806"},"modified":"2019-05-14T13:37:05","modified_gmt":"2019-05-14T12:37:05","slug":"xerrada-sobre-la-historia-del-poble-gitano","status":"publish","type":"post","link":"https:\/\/blogs.cpnl.cat\/sarriaambgracia\/?p=3806","title":{"rendered":"Xerrada sobre la hist\u00f2ria del poble gitano"},"content":{"rendered":"<p>El 13 de maig, a les 18.30 h, l&#8217;alumnat del nivell E2 de l&#8217;Escola Rius i Taulet va rebre la visita de Ricard Valent\u00ed, president de l&#8217;Associaci\u00f3 dels Joves Gitanos de Gr\u00e0cia, que els va fer una xerrada sobre el poble gitano a Europa tot fent un rep\u00e0s per la seva hist\u00f2ria.<\/p>\n<p><img loading=\"lazy\" decoding=\"async\" class=\"alignnone size-medium wp-image-3807\" src=\"https:\/\/blogs.cpnl.cat\/sarriaambgracia\/files\/2019\/05\/IMG-20190514-WA0001-300x225.jpg\" alt=\"\" width=\"300\" height=\"225\" srcset=\"https:\/\/blogs.cpnl.cat\/sarriaambgracia\/files\/2019\/05\/IMG-20190514-WA0001-300x225.jpg 300w, https:\/\/blogs.cpnl.cat\/sarriaambgracia\/files\/2019\/05\/IMG-20190514-WA0001-768x576.jpg 768w, https:\/\/blogs.cpnl.cat\/sarriaambgracia\/files\/2019\/05\/IMG-20190514-WA0001-1024x768.jpg 1024w, https:\/\/blogs.cpnl.cat\/sarriaambgracia\/files\/2019\/05\/IMG-20190514-WA0001.jpg 1600w\" sizes=\"auto, (max-width: 300px) 100vw, 300px\" \/><\/p>\n","protected":false},"excerpt":{"rendered":"<p>El 13 de maig, a les 18.30 h, l&#8217;alumnat del nivell E2 de l&#8217;Escola Rius i Taulet va rebre la visita de Ricard Valent\u00ed, president de l&#8217;Associaci\u00f3 dels Joves Gitanos de Gr\u00e0cia, que els va fer una xerrada sobre el poble gitano a Europa tot fent un rep\u00e0s per la seva hist\u00f2ria.<\/p>\n","protected":false},"author":527,"featured_media":0,"comment_status":"open","ping_status":"closed","sticky":false,"template":"","format":"standard","meta":{"ngg_post_thumbnail":0,"footnotes":""},"categories":[6,77424],"tags":[],"class_list":["post-3806","post","type-post","status-publish","format-standard","hentry","category-general","category-lespai-dels-professors"],"_links":{"self":[{"href":"https:\/\/blogs.cpnl.cat\/sarriaambgracia\/index.php?rest_route=\/wp\/v2\/posts\/3806","targetHints":{"allow":["GET"]}}],"collection":[{"href":"https:\/\/blogs.cpnl.cat\/sarriaambgracia\/index.php?rest_route=\/wp\/v2\/posts"}],"about":[{"href":"https:\/\/blogs.cpnl.cat\/sarriaambgracia\/index.php?rest_route=\/wp\/v2\/types\/post"}],"author":[{"embeddable":true,"href":"https:\/\/blogs.cpnl.cat\/sarriaambgracia\/index.php?rest_route=\/wp\/v2\/users\/527"}],"replies":[{"embeddable":true,"href":"https:\/\/blogs.cpnl.cat\/sarriaambgracia\/index.php?rest_route=%2Fwp%2Fv2%2Fcomments&post=3806"}],"version-history":[{"count":0,"href":"https:\/\/blogs.cpnl.cat\/sarriaambgracia\/index.php?rest_route=\/wp\/v2\/posts\/3806\/revisions"}],"wp:attachment":[{"href":"https:\/\/blogs.cpnl.cat\/sarriaambgracia\/index.php?rest_route=%2Fwp%2Fv2%2Fmedia&parent=3806"}],"wp:term":[{"taxonomy":"category","embeddable":true,"href":"https:\/\/blogs.cpnl.cat\/sarriaambgracia\/index.php?rest_route=%2Fwp%2Fv2%2Fcategories&post=3806"},{"taxonomy":"post_tag","embeddable":true,"href":"https:\/\/blogs.cpnl.cat\/sarriaambgracia\/index.php?rest_route=%2Fwp%2Fv2%2Ftags&post=3806"}],"curies":[{"name":"wp","href":"https:\/\/api.w.org\/{rel}","templated":true}]}}