{"id":3810,"date":"2019-05-16T08:07:26","date_gmt":"2019-05-16T07:07:26","guid":{"rendered":"https:\/\/blogs.cpnl.cat\/sarriaambgracia\/?p=3810"},"modified":"2019-05-16T13:11:22","modified_gmt":"2019-05-16T12:11:22","slug":"gran-de-gracia-reparteix-els-premis-del-concurs","status":"publish","type":"post","link":"https:\/\/blogs.cpnl.cat\/sarriaambgracia\/?p=3810","title":{"rendered":"Gran de Gr\u00e0cia reparteix els premis del concurs!"},"content":{"rendered":"<p>El dimecres 15 de maig, a les 18 h, es van lliurar els premis\u00a0 del concurs \u201cSi l\u2019encertes, l\u2019endevines\u201d de l&#8217;Eix Gran de Gr\u00e0cia a la botiga Xalma. Volem donar les gr\u00e0cies a totes persones que hi van participar i a tots els comer\u00e7os col\u00b7laboradors i l&#8217;enhorabona a les persones que es van endur els premis, que van consistir en vals de compra per a les botigues del carrer Gran de Gr\u00e0cia, gentilesa de l&#8217;Associaci\u00f3 de Comerciants.<\/p>\n<p><a class=\"external\" href=\"https:\/\/catalaenlinia.cat\/cnlbgaleria\/index.php?\/category\/139\" target=\"_blank\" rel=\"external noopener noreferrer\">\u00c0lbum de fotos<\/a><\/p>\n<p><img loading=\"lazy\" decoding=\"async\" class=\"alignnone size-medium wp-image-3811\" src=\"https:\/\/blogs.cpnl.cat\/sarriaambgracia\/files\/2019\/05\/IMG-20190515-WA0006-300x225.jpg\" alt=\"\" width=\"300\" height=\"225\" srcset=\"https:\/\/blogs.cpnl.cat\/sarriaambgracia\/files\/2019\/05\/IMG-20190515-WA0006-300x225.jpg 300w, https:\/\/blogs.cpnl.cat\/sarriaambgracia\/files\/2019\/05\/IMG-20190515-WA0006-768x576.jpg 768w, https:\/\/blogs.cpnl.cat\/sarriaambgracia\/files\/2019\/05\/IMG-20190515-WA0006-1024x768.jpg 1024w, https:\/\/blogs.cpnl.cat\/sarriaambgracia\/files\/2019\/05\/IMG-20190515-WA0006.jpg 1599w\" sizes=\"auto, (max-width: 300px) 100vw, 300px\" \/><\/p>\n","protected":false},"excerpt":{"rendered":"<p>El dimecres 15 de maig, a les 18 h, es van lliurar els premis\u00a0 del concurs \u201cSi l\u2019encertes, l\u2019endevines\u201d de l&#8217;Eix Gran de Gr\u00e0cia a la botiga Xalma. Volem donar les gr\u00e0cies a totes persones que hi van participar i a tots els comer\u00e7os col\u00b7laboradors i l&#8217;enhorabona a les persones que es van endur els [&hellip;]<\/p>\n","protected":false},"author":527,"featured_media":0,"comment_status":"open","ping_status":"closed","sticky":false,"template":"","format":"standard","meta":{"ngg_post_thumbnail":0,"footnotes":""},"categories":[6,77424],"tags":[],"class_list":["post-3810","post","type-post","status-publish","format-standard","hentry","category-general","category-lespai-dels-professors"],"_links":{"self":[{"href":"https:\/\/blogs.cpnl.cat\/sarriaambgracia\/index.php?rest_route=\/wp\/v2\/posts\/3810","targetHints":{"allow":["GET"]}}],"collection":[{"href":"https:\/\/blogs.cpnl.cat\/sarriaambgracia\/index.php?rest_route=\/wp\/v2\/posts"}],"about":[{"href":"https:\/\/blogs.cpnl.cat\/sarriaambgracia\/index.php?rest_route=\/wp\/v2\/types\/post"}],"author":[{"embeddable":true,"href":"https:\/\/blogs.cpnl.cat\/sarriaambgracia\/index.php?rest_route=\/wp\/v2\/users\/527"}],"replies":[{"embeddable":true,"href":"https:\/\/blogs.cpnl.cat\/sarriaambgracia\/index.php?rest_route=%2Fwp%2Fv2%2Fcomments&post=3810"}],"version-history":[{"count":0,"href":"https:\/\/blogs.cpnl.cat\/sarriaambgracia\/index.php?rest_route=\/wp\/v2\/posts\/3810\/revisions"}],"wp:attachment":[{"href":"https:\/\/blogs.cpnl.cat\/sarriaambgracia\/index.php?rest_route=%2Fwp%2Fv2%2Fmedia&parent=3810"}],"wp:term":[{"taxonomy":"category","embeddable":true,"href":"https:\/\/blogs.cpnl.cat\/sarriaambgracia\/index.php?rest_route=%2Fwp%2Fv2%2Fcategories&post=3810"},{"taxonomy":"post_tag","embeddable":true,"href":"https:\/\/blogs.cpnl.cat\/sarriaambgracia\/index.php?rest_route=%2Fwp%2Fv2%2Ftags&post=3810"}],"curies":[{"name":"wp","href":"https:\/\/api.w.org\/{rel}","templated":true}]}}