{"id":3856,"date":"2019-06-07T11:33:43","date_gmt":"2019-06-07T10:33:43","guid":{"rendered":"https:\/\/blogs.cpnl.cat\/sarriaambgracia\/?p=3856"},"modified":"2019-06-07T11:34:35","modified_gmt":"2019-06-07T10:34:35","slug":"visita-a-lexposicio-de-la-carme-ruscalleda","status":"publish","type":"post","link":"https:\/\/blogs.cpnl.cat\/sarriaambgracia\/?p=3856","title":{"rendered":"L&#8217;alumnat visita l&#8217;exposici\u00f3 de Carme Ruscalleda"},"content":{"rendered":"<p>Els dos grups de nivell E3 del Rius i Taulet van visitar el 6 de juny passat l&#8217;exposici\u00f3 <strong>&#8220;Carme Ruscalleda. L&#8217;ess\u00e8ncia del gust&#8221;<\/strong> al Palau Robert. Carme Ruscalleda \u00e9s la cuinera amb m\u00e9s estrelles Michelin del m\u00f3n (7 en la darrera d\u00e8cada) i ha aconseguit una gran projecci\u00f3 internacional.<\/p>\n<p>L\u2019exposici\u00f3 dona a con\u00e8ixer les dades m\u00e9s rellevants de la traject\u00f2ria de la cuinera en una detallada cronologia que compr\u00e8n la tasca portada a terme als restaurants Sant Pau de Sant Pol i T\u00f2quio i Moments de Barcelona, i s\u2019acompanya d\u2019un muntatge audiovisual sobre la cuina del restaurant de Sant Po. Un altre apartat detalla el proc\u00e9s creatiu i l\u2019evoluci\u00f3 de la cuina de Carme Ruscalleda a trav\u00e9s d\u2019una descripci\u00f3 dels seus plats i men\u00fas tem\u00e0tics.<\/p>\n<p><img loading=\"lazy\" decoding=\"async\" class=\"alignnone size-medium wp-image-3857\" src=\"https:\/\/blogs.cpnl.cat\/sarriaambgracia\/files\/2019\/06\/IMG-20190607-WA0005-300x169.jpg\" alt=\"\" width=\"300\" height=\"169\" srcset=\"https:\/\/blogs.cpnl.cat\/sarriaambgracia\/files\/2019\/06\/IMG-20190607-WA0005-300x169.jpg 300w, https:\/\/blogs.cpnl.cat\/sarriaambgracia\/files\/2019\/06\/IMG-20190607-WA0005-768x433.jpg 768w, https:\/\/blogs.cpnl.cat\/sarriaambgracia\/files\/2019\/06\/IMG-20190607-WA0005-1024x578.jpg 1024w, https:\/\/blogs.cpnl.cat\/sarriaambgracia\/files\/2019\/06\/IMG-20190607-WA0005.jpg 1600w\" sizes=\"auto, (max-width: 300px) 100vw, 300px\" \/> <img loading=\"lazy\" decoding=\"async\" class=\"alignnone size-medium wp-image-3858\" src=\"https:\/\/blogs.cpnl.cat\/sarriaambgracia\/files\/2019\/06\/IMG-20190607-WA0006-300x225.jpg\" alt=\"\" width=\"300\" height=\"225\" srcset=\"https:\/\/blogs.cpnl.cat\/sarriaambgracia\/files\/2019\/06\/IMG-20190607-WA0006-300x225.jpg 300w, https:\/\/blogs.cpnl.cat\/sarriaambgracia\/files\/2019\/06\/IMG-20190607-WA0006-768x576.jpg 768w, https:\/\/blogs.cpnl.cat\/sarriaambgracia\/files\/2019\/06\/IMG-20190607-WA0006.jpg 1024w\" sizes=\"auto, (max-width: 300px) 100vw, 300px\" \/><\/p>\n","protected":false},"excerpt":{"rendered":"<p>Els dos grups de nivell E3 del Rius i Taulet van visitar el 6 de juny passat l&#8217;exposici\u00f3 &#8220;Carme Ruscalleda. L&#8217;ess\u00e8ncia del gust&#8221; al Palau Robert. Carme Ruscalleda \u00e9s la cuinera amb m\u00e9s estrelles Michelin del m\u00f3n (7 en la darrera d\u00e8cada) i ha aconseguit una gran projecci\u00f3 internacional. L\u2019exposici\u00f3 dona a con\u00e8ixer les dades [&hellip;]<\/p>\n","protected":false},"author":527,"featured_media":0,"comment_status":"open","ping_status":"closed","sticky":false,"template":"","format":"standard","meta":{"ngg_post_thumbnail":0,"footnotes":""},"categories":[40148,6,77424],"tags":[],"class_list":["post-3856","post","type-post","status-publish","format-standard","hentry","category-exposicions","category-general","category-lespai-dels-professors"],"_links":{"self":[{"href":"https:\/\/blogs.cpnl.cat\/sarriaambgracia\/index.php?rest_route=\/wp\/v2\/posts\/3856","targetHints":{"allow":["GET"]}}],"collection":[{"href":"https:\/\/blogs.cpnl.cat\/sarriaambgracia\/index.php?rest_route=\/wp\/v2\/posts"}],"about":[{"href":"https:\/\/blogs.cpnl.cat\/sarriaambgracia\/index.php?rest_route=\/wp\/v2\/types\/post"}],"author":[{"embeddable":true,"href":"https:\/\/blogs.cpnl.cat\/sarriaambgracia\/index.php?rest_route=\/wp\/v2\/users\/527"}],"replies":[{"embeddable":true,"href":"https:\/\/blogs.cpnl.cat\/sarriaambgracia\/index.php?rest_route=%2Fwp%2Fv2%2Fcomments&post=3856"}],"version-history":[{"count":0,"href":"https:\/\/blogs.cpnl.cat\/sarriaambgracia\/index.php?rest_route=\/wp\/v2\/posts\/3856\/revisions"}],"wp:attachment":[{"href":"https:\/\/blogs.cpnl.cat\/sarriaambgracia\/index.php?rest_route=%2Fwp%2Fv2%2Fmedia&parent=3856"}],"wp:term":[{"taxonomy":"category","embeddable":true,"href":"https:\/\/blogs.cpnl.cat\/sarriaambgracia\/index.php?rest_route=%2Fwp%2Fv2%2Fcategories&post=3856"},{"taxonomy":"post_tag","embeddable":true,"href":"https:\/\/blogs.cpnl.cat\/sarriaambgracia\/index.php?rest_route=%2Fwp%2Fv2%2Ftags&post=3856"}],"curies":[{"name":"wp","href":"https:\/\/api.w.org\/{rel}","templated":true}]}}