{"id":3937,"date":"2019-10-10T10:47:02","date_gmt":"2019-10-10T09:47:02","guid":{"rendered":"https:\/\/blogs.cpnl.cat\/sarriaambgracia\/?p=3937"},"modified":"2019-10-11T10:53:43","modified_gmt":"2019-10-11T09:53:43","slug":"visites-guiades-a-les-biblioteques","status":"publish","type":"post","link":"https:\/\/blogs.cpnl.cat\/sarriaambgracia\/?p=3937","title":{"rendered":"Visites guiades a les biblioteques de Gr\u00e0cia i Sarri\u00e0-Sant Gervasi"},"content":{"rendered":"<p>L&#8217;alumnat dels cursos de catal\u00e0 de nivell b\u00e0sic de la delegaci\u00f3 duen a terme diverses visites guiades a les biblioteques <strong>Jaume Fuster<\/strong>, <strong>Vila de Gr\u00e0cia<\/strong>, <strong>Sant Gervasi-Joan Maragall<\/strong> i <strong>Clar\u00e0<\/strong>. D&#8217;aquesta manera poden con\u00e8ixer les sales i els serveis de la biblioteca, aprenen a utilitzar el cat\u00e0leg col\u00b7lectiu Alad\u00ed i detalls sobre els fons antics i la col\u00b7lecci\u00f3 local. A m\u00e9s, si ho desitgen poden fer-se el carnet gratu\u00eft.<\/p>\n<p><img decoding=\"async\" class=\"rg_i Q4LuWd tx8vtf\" src=\"https:\/\/encrypted-tbn0.gstatic.com\/images?q=tbn%3AANd9GcR_S5J7UQkqGFvASQ8KuZGFtDVTAVv5eWZ7yTrCJYbJp0wOXnAZ\" alt=\"Resultado de imagen de biblioteca joan maragall\" data-index=\"6\" \/><\/p>\n","protected":false},"excerpt":{"rendered":"<p>L&#8217;alumnat dels cursos de catal\u00e0 de nivell b\u00e0sic de la delegaci\u00f3 duen a terme diverses visites guiades a les biblioteques Jaume Fuster, Vila de Gr\u00e0cia, Sant Gervasi-Joan Maragall i Clar\u00e0. D&#8217;aquesta manera poden con\u00e8ixer les sales i els serveis de la biblioteca, aprenen a utilitzar el cat\u00e0leg col\u00b7lectiu Alad\u00ed i detalls sobre els fons antics [&hellip;]<\/p>\n","protected":false},"author":527,"featured_media":0,"comment_status":"open","ping_status":"closed","sticky":false,"template":"","format":"standard","meta":{"ngg_post_thumbnail":0,"footnotes":""},"categories":[140808,6,77424],"tags":[],"class_list":["post-3937","post","type-post","status-publish","format-standard","hentry","category-activitats-literaries-i-trobades-amb-autors","category-general","category-lespai-dels-professors"],"_links":{"self":[{"href":"https:\/\/blogs.cpnl.cat\/sarriaambgracia\/index.php?rest_route=\/wp\/v2\/posts\/3937","targetHints":{"allow":["GET"]}}],"collection":[{"href":"https:\/\/blogs.cpnl.cat\/sarriaambgracia\/index.php?rest_route=\/wp\/v2\/posts"}],"about":[{"href":"https:\/\/blogs.cpnl.cat\/sarriaambgracia\/index.php?rest_route=\/wp\/v2\/types\/post"}],"author":[{"embeddable":true,"href":"https:\/\/blogs.cpnl.cat\/sarriaambgracia\/index.php?rest_route=\/wp\/v2\/users\/527"}],"replies":[{"embeddable":true,"href":"https:\/\/blogs.cpnl.cat\/sarriaambgracia\/index.php?rest_route=%2Fwp%2Fv2%2Fcomments&post=3937"}],"version-history":[{"count":0,"href":"https:\/\/blogs.cpnl.cat\/sarriaambgracia\/index.php?rest_route=\/wp\/v2\/posts\/3937\/revisions"}],"wp:attachment":[{"href":"https:\/\/blogs.cpnl.cat\/sarriaambgracia\/index.php?rest_route=%2Fwp%2Fv2%2Fmedia&parent=3937"}],"wp:term":[{"taxonomy":"category","embeddable":true,"href":"https:\/\/blogs.cpnl.cat\/sarriaambgracia\/index.php?rest_route=%2Fwp%2Fv2%2Fcategories&post=3937"},{"taxonomy":"post_tag","embeddable":true,"href":"https:\/\/blogs.cpnl.cat\/sarriaambgracia\/index.php?rest_route=%2Fwp%2Fv2%2Ftags&post=3937"}],"curies":[{"name":"wp","href":"https:\/\/api.w.org\/{rel}","templated":true}]}}