{"id":3958,"date":"2019-10-25T09:06:21","date_gmt":"2019-10-25T08:06:21","guid":{"rendered":"https:\/\/blogs.cpnl.cat\/sarriaambgracia\/?p=3958"},"modified":"2019-10-29T09:07:38","modified_gmt":"2019-10-29T08:07:38","slug":"club-de-lectura-i-converses-amb-dones-escriptores-catalanes","status":"publish","type":"post","link":"https:\/\/blogs.cpnl.cat\/sarriaambgracia\/?p=3958","title":{"rendered":"Club de lectura i converses amb dones escriptores catalanes"},"content":{"rendered":"<p><strong>Dilluns, 4 de novembre de 2019, a les 11.00 h<\/strong><\/p>\n<p>Club de lectura i converses amb dones escriptores catalanes al <a class=\"external\" href=\"http:\/\/www.lavioleta.cat\/\" target=\"_blank\" rel=\"external noopener noreferrer\">Centre de Cultura Popular La Violeta<\/a>, al carrer Maspons, 6, en col\u00b7laboraci\u00f3 amb la\u00a0<a class=\"external\" href=\"http:\/\/ajuntament.barcelona.cat\/biblioteques\/bibviladegracia\/ca\" target=\"_blank\" rel=\"external noopener noreferrer\">Biblioteca Vila de Gr\u00e0cia<\/a>.<\/p>\n<p>La inscripci\u00f3 es fa directament a La Violeta o b\u00e9 a la\u00a0<a class=\"external\" href=\"https:\/\/blogs.cpnl.cat\/sarriaambgracia\/\" target=\"_blank\" rel=\"external noopener noreferrer\">delegaci\u00f3<\/a>.<\/p>\n<p>L&#8217;activitat \u00e9s gratu\u00efta i oberta a tothom, i dirigida a persones amb un nivell elemental de catal\u00e0 que vulguin llegir i conversar per guanyar flu\u00efdesa. Aquest club, a m\u00e9s, vol fer con\u00e8ixer la tradici\u00f3 liter\u00e0ria contempor\u00e0nia en llengua catalana.<\/p>\n<p>En aquesta sessi\u00f3 es comentar\u00e0\u00a0<em>Maria Gl\u00f2ria. No sempre la culpa \u00e9s d&#8217;ella<\/em>, de Dolors Montserd\u00e0.<\/p>\n<p><img decoding=\"async\" src=\"http:\/\/www.cpnl.cat\/media\/upload\/gif\/\/e_dolors_montserda_editora_129_20912_1.jpg\" alt=\"Club de lectura de dones escriptores catalanes\" \/><\/p>\n","protected":false},"excerpt":{"rendered":"<p>Dilluns, 4 de novembre de 2019, a les 11.00 h Club de lectura i converses amb dones escriptores catalanes al Centre de Cultura Popular La Violeta, al carrer Maspons, 6, en col\u00b7laboraci\u00f3 amb la\u00a0Biblioteca Vila de Gr\u00e0cia. La inscripci\u00f3 es fa directament a La Violeta o b\u00e9 a la\u00a0delegaci\u00f3. L&#8217;activitat \u00e9s gratu\u00efta i oberta a [&hellip;]<\/p>\n","protected":false},"author":527,"featured_media":0,"comment_status":"open","ping_status":"closed","sticky":false,"template":"","format":"standard","meta":{"ngg_post_thumbnail":0,"footnotes":""},"categories":[140808,6],"tags":[],"class_list":["post-3958","post","type-post","status-publish","format-standard","hentry","category-activitats-literaries-i-trobades-amb-autors","category-general"],"_links":{"self":[{"href":"https:\/\/blogs.cpnl.cat\/sarriaambgracia\/index.php?rest_route=\/wp\/v2\/posts\/3958","targetHints":{"allow":["GET"]}}],"collection":[{"href":"https:\/\/blogs.cpnl.cat\/sarriaambgracia\/index.php?rest_route=\/wp\/v2\/posts"}],"about":[{"href":"https:\/\/blogs.cpnl.cat\/sarriaambgracia\/index.php?rest_route=\/wp\/v2\/types\/post"}],"author":[{"embeddable":true,"href":"https:\/\/blogs.cpnl.cat\/sarriaambgracia\/index.php?rest_route=\/wp\/v2\/users\/527"}],"replies":[{"embeddable":true,"href":"https:\/\/blogs.cpnl.cat\/sarriaambgracia\/index.php?rest_route=%2Fwp%2Fv2%2Fcomments&post=3958"}],"version-history":[{"count":0,"href":"https:\/\/blogs.cpnl.cat\/sarriaambgracia\/index.php?rest_route=\/wp\/v2\/posts\/3958\/revisions"}],"wp:attachment":[{"href":"https:\/\/blogs.cpnl.cat\/sarriaambgracia\/index.php?rest_route=%2Fwp%2Fv2%2Fmedia&parent=3958"}],"wp:term":[{"taxonomy":"category","embeddable":true,"href":"https:\/\/blogs.cpnl.cat\/sarriaambgracia\/index.php?rest_route=%2Fwp%2Fv2%2Fcategories&post=3958"},{"taxonomy":"post_tag","embeddable":true,"href":"https:\/\/blogs.cpnl.cat\/sarriaambgracia\/index.php?rest_route=%2Fwp%2Fv2%2Ftags&post=3958"}],"curies":[{"name":"wp","href":"https:\/\/api.w.org\/{rel}","templated":true}]}}