{"id":4003,"date":"2020-01-28T11:59:26","date_gmt":"2020-01-28T10:59:26","guid":{"rendered":"https:\/\/blogs.cpnl.cat\/sarriaambgracia\/?p=4003"},"modified":"2020-01-28T14:43:00","modified_gmt":"2020-01-28T13:43:00","slug":"presentacio-dun-interessant-pessebre-a-la-violeta","status":"publish","type":"post","link":"https:\/\/blogs.cpnl.cat\/sarriaambgracia\/?p=4003","title":{"rendered":"Presentaci\u00f3 d&#8217;un pessebre interessant a la Violeta"},"content":{"rendered":"<p>El dilluns 27 de febrer Josep Maria Contel va fer la presentaci\u00f3 del pessebre que s\u2019exposa a la Violeta fins al 2 de febrer, dia de la Candelera, constru\u00eft amb m\u00e9s de 500 figures de play m\u00f2bil \u201ctunejades\u201d i adquirides per ell. Hi podem veure des d\u2019oficis, com forners, fusters, ferrers, terrissaires, fins a galeots i el seguici dels reis mags amb camells, a m\u00e9s de camps llaurats i cases particulars amb teulades on s\u2019asseca el peix, etc.<\/p>\n<p>A continuaci\u00f3 va explicar els or\u00edgens del pessebre i va fer un recorregut hist\u00f2ric per les diferents cultures arreu del m\u00f3n. Tot seguit, els alumnes de B1 que van assistir a la xerrada van tenir ocasi\u00f3 de fer-li moltes preguntes. Es van interessar tamb\u00e9 per les festes populars, en el marc de la Violeta, que acull les colles de cultura popular de Gr\u00e0cia, de les quals tamb\u00e9 en va parlar a bastament: bastoners, diables, colla del drac, etc.<\/p>\n<p><span lang=\"CA-ES\">Per acabar va animar els alumnes a con\u00e8ixer les colles i participar-hi.<\/span><\/p>\n<p><img loading=\"lazy\" decoding=\"async\" class=\"alignnone wp-image-4004\" src=\"https:\/\/blogs.cpnl.cat\/sarriaambgracia\/files\/2020\/01\/IMG-20200127-WA0009-300x225.jpg\" alt=\"\" width=\"396\" height=\"297\" srcset=\"https:\/\/blogs.cpnl.cat\/sarriaambgracia\/files\/2020\/01\/IMG-20200127-WA0009-300x225.jpg 300w, https:\/\/blogs.cpnl.cat\/sarriaambgracia\/files\/2020\/01\/IMG-20200127-WA0009-1024x768.jpg 1024w, https:\/\/blogs.cpnl.cat\/sarriaambgracia\/files\/2020\/01\/IMG-20200127-WA0009-768x576.jpg 768w, https:\/\/blogs.cpnl.cat\/sarriaambgracia\/files\/2020\/01\/IMG-20200127-WA0009-1536x1152.jpg 1536w, https:\/\/blogs.cpnl.cat\/sarriaambgracia\/files\/2020\/01\/IMG-20200127-WA0009.jpg 1600w\" sizes=\"auto, (max-width: 396px) 100vw, 396px\" \/> <img loading=\"lazy\" decoding=\"async\" class=\"alignnone wp-image-4005\" src=\"https:\/\/blogs.cpnl.cat\/sarriaambgracia\/files\/2020\/01\/IMG-20200127-WA0012-300x225.jpg\" alt=\"\" width=\"391\" height=\"293\" srcset=\"https:\/\/blogs.cpnl.cat\/sarriaambgracia\/files\/2020\/01\/IMG-20200127-WA0012-300x225.jpg 300w, https:\/\/blogs.cpnl.cat\/sarriaambgracia\/files\/2020\/01\/IMG-20200127-WA0012-1024x768.jpg 1024w, https:\/\/blogs.cpnl.cat\/sarriaambgracia\/files\/2020\/01\/IMG-20200127-WA0012-768x576.jpg 768w, https:\/\/blogs.cpnl.cat\/sarriaambgracia\/files\/2020\/01\/IMG-20200127-WA0012-1536x1152.jpg 1536w, https:\/\/blogs.cpnl.cat\/sarriaambgracia\/files\/2020\/01\/IMG-20200127-WA0012.jpg 1600w\" sizes=\"auto, (max-width: 391px) 100vw, 391px\" \/><\/p>\n","protected":false},"excerpt":{"rendered":"<p>El dilluns 27 de febrer Josep Maria Contel va fer la presentaci\u00f3 del pessebre que s\u2019exposa a la Violeta fins al 2 de febrer, dia de la Candelera, constru\u00eft amb m\u00e9s de 500 figures de play m\u00f2bil \u201ctunejades\u201d i adquirides per ell. Hi podem veure des d\u2019oficis, com forners, fusters, ferrers, terrissaires, fins a galeots [&hellip;]<\/p>\n","protected":false},"author":527,"featured_media":0,"comment_status":"open","ping_status":"closed","sticky":false,"template":"","format":"standard","meta":{"ngg_post_thumbnail":0,"footnotes":""},"categories":[6,77424],"tags":[],"class_list":["post-4003","post","type-post","status-publish","format-standard","hentry","category-general","category-lespai-dels-professors"],"_links":{"self":[{"href":"https:\/\/blogs.cpnl.cat\/sarriaambgracia\/index.php?rest_route=\/wp\/v2\/posts\/4003","targetHints":{"allow":["GET"]}}],"collection":[{"href":"https:\/\/blogs.cpnl.cat\/sarriaambgracia\/index.php?rest_route=\/wp\/v2\/posts"}],"about":[{"href":"https:\/\/blogs.cpnl.cat\/sarriaambgracia\/index.php?rest_route=\/wp\/v2\/types\/post"}],"author":[{"embeddable":true,"href":"https:\/\/blogs.cpnl.cat\/sarriaambgracia\/index.php?rest_route=\/wp\/v2\/users\/527"}],"replies":[{"embeddable":true,"href":"https:\/\/blogs.cpnl.cat\/sarriaambgracia\/index.php?rest_route=%2Fwp%2Fv2%2Fcomments&post=4003"}],"version-history":[{"count":0,"href":"https:\/\/blogs.cpnl.cat\/sarriaambgracia\/index.php?rest_route=\/wp\/v2\/posts\/4003\/revisions"}],"wp:attachment":[{"href":"https:\/\/blogs.cpnl.cat\/sarriaambgracia\/index.php?rest_route=%2Fwp%2Fv2%2Fmedia&parent=4003"}],"wp:term":[{"taxonomy":"category","embeddable":true,"href":"https:\/\/blogs.cpnl.cat\/sarriaambgracia\/index.php?rest_route=%2Fwp%2Fv2%2Fcategories&post=4003"},{"taxonomy":"post_tag","embeddable":true,"href":"https:\/\/blogs.cpnl.cat\/sarriaambgracia\/index.php?rest_route=%2Fwp%2Fv2%2Ftags&post=4003"}],"curies":[{"name":"wp","href":"https:\/\/api.w.org\/{rel}","templated":true}]}}