{"id":4006,"date":"2020-02-05T17:43:35","date_gmt":"2020-02-05T16:43:35","guid":{"rendered":"https:\/\/blogs.cpnl.cat\/sarriaambgracia\/?p=4006"},"modified":"2020-02-05T17:54:06","modified_gmt":"2020-02-05T16:54:06","slug":"lalumnat-fa-una-visita-a-la-gracia-gitana","status":"publish","type":"post","link":"https:\/\/blogs.cpnl.cat\/sarriaambgracia\/?p=4006","title":{"rendered":"L&#8217;alumnat coneix la Gr\u00e0cia gitana"},"content":{"rendered":"<p>El dijous 30 de gener, a les sis de la tarda, un grup d&#8217;alumnes de nivell B3 van assistir a la sala d&#8217;actes del Districte de Gr\u00e0cia a veure la projecci\u00f3 del documental &#8220;Gitanos de Gr\u00e0cia, consci\u00e8ncia i mem\u00f2ria&#8221; de Jordi Traperho. Es tracta d&#8217;un videodocument d&#8217;entrevistes\u00a0 amb gitanos del barri. En acabar l&#8217;alumnat va poder fer preguntes a Ricard Valent\u00ed, president de l&#8217;Associaci\u00f3 de Joves Gitanos de Gr\u00e0cia sobre el documental. Va ser una activitat molt interessant que els va permetre con\u00e8ixer millor la cultura gitana.<\/p>\n<p><img loading=\"lazy\" decoding=\"async\" class=\"alignnone wp-image-4007\" src=\"https:\/\/blogs.cpnl.cat\/sarriaambgracia\/files\/2020\/02\/IMG-20200205-WA0001-148x300.jpg\" alt=\"\" width=\"186\" height=\"377\" srcset=\"https:\/\/blogs.cpnl.cat\/sarriaambgracia\/files\/2020\/02\/IMG-20200205-WA0001-148x300.jpg 148w, https:\/\/blogs.cpnl.cat\/sarriaambgracia\/files\/2020\/02\/IMG-20200205-WA0001-505x1024.jpg 505w, https:\/\/blogs.cpnl.cat\/sarriaambgracia\/files\/2020\/02\/IMG-20200205-WA0001-768x1558.jpg 768w, https:\/\/blogs.cpnl.cat\/sarriaambgracia\/files\/2020\/02\/IMG-20200205-WA0001-757x1536.jpg 757w, https:\/\/blogs.cpnl.cat\/sarriaambgracia\/files\/2020\/02\/IMG-20200205-WA0001.jpg 788w\" sizes=\"auto, (max-width: 186px) 100vw, 186px\" \/><\/p>\n","protected":false},"excerpt":{"rendered":"<p>El dijous 30 de gener, a les sis de la tarda, un grup d&#8217;alumnes de nivell B3 van assistir a la sala d&#8217;actes del Districte de Gr\u00e0cia a veure la projecci\u00f3 del documental &#8220;Gitanos de Gr\u00e0cia, consci\u00e8ncia i mem\u00f2ria&#8221; de Jordi Traperho. Es tracta d&#8217;un videodocument d&#8217;entrevistes\u00a0 amb gitanos del barri. En acabar l&#8217;alumnat va [&hellip;]<\/p>\n","protected":false},"author":527,"featured_media":0,"comment_status":"open","ping_status":"closed","sticky":false,"template":"","format":"standard","meta":{"ngg_post_thumbnail":0,"footnotes":""},"categories":[6],"tags":[],"class_list":["post-4006","post","type-post","status-publish","format-standard","hentry","category-general"],"_links":{"self":[{"href":"https:\/\/blogs.cpnl.cat\/sarriaambgracia\/index.php?rest_route=\/wp\/v2\/posts\/4006","targetHints":{"allow":["GET"]}}],"collection":[{"href":"https:\/\/blogs.cpnl.cat\/sarriaambgracia\/index.php?rest_route=\/wp\/v2\/posts"}],"about":[{"href":"https:\/\/blogs.cpnl.cat\/sarriaambgracia\/index.php?rest_route=\/wp\/v2\/types\/post"}],"author":[{"embeddable":true,"href":"https:\/\/blogs.cpnl.cat\/sarriaambgracia\/index.php?rest_route=\/wp\/v2\/users\/527"}],"replies":[{"embeddable":true,"href":"https:\/\/blogs.cpnl.cat\/sarriaambgracia\/index.php?rest_route=%2Fwp%2Fv2%2Fcomments&post=4006"}],"version-history":[{"count":0,"href":"https:\/\/blogs.cpnl.cat\/sarriaambgracia\/index.php?rest_route=\/wp\/v2\/posts\/4006\/revisions"}],"wp:attachment":[{"href":"https:\/\/blogs.cpnl.cat\/sarriaambgracia\/index.php?rest_route=%2Fwp%2Fv2%2Fmedia&parent=4006"}],"wp:term":[{"taxonomy":"category","embeddable":true,"href":"https:\/\/blogs.cpnl.cat\/sarriaambgracia\/index.php?rest_route=%2Fwp%2Fv2%2Fcategories&post=4006"},{"taxonomy":"post_tag","embeddable":true,"href":"https:\/\/blogs.cpnl.cat\/sarriaambgracia\/index.php?rest_route=%2Fwp%2Fv2%2Ftags&post=4006"}],"curies":[{"name":"wp","href":"https:\/\/api.w.org\/{rel}","templated":true}]}}