{"id":4010,"date":"2020-02-19T19:17:19","date_gmt":"2020-02-19T18:17:19","guid":{"rendered":"https:\/\/blogs.cpnl.cat\/sarriaambgracia\/?p=4010"},"modified":"2020-02-21T11:55:22","modified_gmt":"2020-02-21T10:55:22","slug":"dia-internacional-de-la-llengua-materna-3","status":"publish","type":"post","link":"https:\/\/blogs.cpnl.cat\/sarriaambgracia\/?p=4010","title":{"rendered":"Dia Internacional de la Llengua Materna"},"content":{"rendered":"<p>Per commemorar el Dia Internacional de la Llengua Materna, la Delegaci\u00f3 de Gr\u00e0cia i Sarri\u00e0-Sant Gervasi ha organitzat una activitat que consisteix a escriure una paraula al mapamundi que hi ha penjat al vest\u00edbul i col\u00b7locar-la al seu pa\u00eds d&#8217;origen. Es podr\u00e0 fer des del 19 fins al 28 de febrer.<\/p>\n<p>Animeu-vos i participeu-hi!<\/p>\n<p><img loading=\"lazy\" decoding=\"async\" class=\"alignnone wp-image-4011\" src=\"https:\/\/blogs.cpnl.cat\/sarriaambgracia\/files\/2020\/02\/IMG-20200219-WA0009-300x225.jpg\" alt=\"\" width=\"373\" height=\"280\" srcset=\"https:\/\/blogs.cpnl.cat\/sarriaambgracia\/files\/2020\/02\/IMG-20200219-WA0009-300x225.jpg 300w, https:\/\/blogs.cpnl.cat\/sarriaambgracia\/files\/2020\/02\/IMG-20200219-WA0009-1024x768.jpg 1024w, https:\/\/blogs.cpnl.cat\/sarriaambgracia\/files\/2020\/02\/IMG-20200219-WA0009-768x576.jpg 768w, https:\/\/blogs.cpnl.cat\/sarriaambgracia\/files\/2020\/02\/IMG-20200219-WA0009-1536x1153.jpg 1536w, https:\/\/blogs.cpnl.cat\/sarriaambgracia\/files\/2020\/02\/IMG-20200219-WA0009.jpg 1599w\" sizes=\"auto, (max-width: 373px) 100vw, 373px\" \/><\/p>\n<p>A m\u00e9s, durant tota la setmana, als cursos de catal\u00e0 de nivell b\u00e0sicde\u00a0 Gr\u00e0cia i Sarri\u00e0-Sant Gervasi tamb\u00e9 s&#8217;han fet activitats per commemorar aquest dia.<\/p>\n<p><img loading=\"lazy\" decoding=\"async\" class=\"alignnone  wp-image-4015\" src=\"https:\/\/blogs.cpnl.cat\/sarriaambgracia\/files\/2020\/02\/IMG-20200221-WA0005-300x225.jpg\" alt=\"\" width=\"352\" height=\"264\" srcset=\"https:\/\/blogs.cpnl.cat\/sarriaambgracia\/files\/2020\/02\/IMG-20200221-WA0005-300x225.jpg 300w, https:\/\/blogs.cpnl.cat\/sarriaambgracia\/files\/2020\/02\/IMG-20200221-WA0005-1024x768.jpg 1024w, https:\/\/blogs.cpnl.cat\/sarriaambgracia\/files\/2020\/02\/IMG-20200221-WA0005-768x576.jpg 768w, https:\/\/blogs.cpnl.cat\/sarriaambgracia\/files\/2020\/02\/IMG-20200221-WA0005-1536x1152.jpg 1536w, https:\/\/blogs.cpnl.cat\/sarriaambgracia\/files\/2020\/02\/IMG-20200221-WA0005.jpg 1600w\" sizes=\"auto, (max-width: 352px) 100vw, 352px\" \/><\/p>\n<p><img loading=\"lazy\" decoding=\"async\" class=\"alignnone  wp-image-4016\" src=\"https:\/\/blogs.cpnl.cat\/sarriaambgracia\/files\/2020\/02\/IMG-20200221-WA0006-300x180.jpg\" alt=\"\" width=\"348\" height=\"209\" srcset=\"https:\/\/blogs.cpnl.cat\/sarriaambgracia\/files\/2020\/02\/IMG-20200221-WA0006-300x180.jpg 300w, https:\/\/blogs.cpnl.cat\/sarriaambgracia\/files\/2020\/02\/IMG-20200221-WA0006-1024x614.jpg 1024w, https:\/\/blogs.cpnl.cat\/sarriaambgracia\/files\/2020\/02\/IMG-20200221-WA0006-768x461.jpg 768w, https:\/\/blogs.cpnl.cat\/sarriaambgracia\/files\/2020\/02\/IMG-20200221-WA0006-1536x922.jpg 1536w, https:\/\/blogs.cpnl.cat\/sarriaambgracia\/files\/2020\/02\/IMG-20200221-WA0006.jpg 1600w\" sizes=\"auto, (max-width: 348px) 100vw, 348px\" \/><\/p>\n<p>&nbsp;<\/p>\n","protected":false},"excerpt":{"rendered":"<p>Per commemorar el Dia Internacional de la Llengua Materna, la Delegaci\u00f3 de Gr\u00e0cia i Sarri\u00e0-Sant Gervasi ha organitzat una activitat que consisteix a escriure una paraula al mapamundi que hi ha penjat al vest\u00edbul i col\u00b7locar-la al seu pa\u00eds d&#8217;origen. Es podr\u00e0 fer des del 19 fins al 28 de febrer. Animeu-vos i participeu-hi! A [&hellip;]<\/p>\n","protected":false},"author":527,"featured_media":0,"comment_status":"open","ping_status":"closed","sticky":false,"template":"","format":"standard","meta":{"ngg_post_thumbnail":0,"footnotes":""},"categories":[6,77424],"tags":[],"class_list":["post-4010","post","type-post","status-publish","format-standard","hentry","category-general","category-lespai-dels-professors"],"_links":{"self":[{"href":"https:\/\/blogs.cpnl.cat\/sarriaambgracia\/index.php?rest_route=\/wp\/v2\/posts\/4010","targetHints":{"allow":["GET"]}}],"collection":[{"href":"https:\/\/blogs.cpnl.cat\/sarriaambgracia\/index.php?rest_route=\/wp\/v2\/posts"}],"about":[{"href":"https:\/\/blogs.cpnl.cat\/sarriaambgracia\/index.php?rest_route=\/wp\/v2\/types\/post"}],"author":[{"embeddable":true,"href":"https:\/\/blogs.cpnl.cat\/sarriaambgracia\/index.php?rest_route=\/wp\/v2\/users\/527"}],"replies":[{"embeddable":true,"href":"https:\/\/blogs.cpnl.cat\/sarriaambgracia\/index.php?rest_route=%2Fwp%2Fv2%2Fcomments&post=4010"}],"version-history":[{"count":0,"href":"https:\/\/blogs.cpnl.cat\/sarriaambgracia\/index.php?rest_route=\/wp\/v2\/posts\/4010\/revisions"}],"wp:attachment":[{"href":"https:\/\/blogs.cpnl.cat\/sarriaambgracia\/index.php?rest_route=%2Fwp%2Fv2%2Fmedia&parent=4010"}],"wp:term":[{"taxonomy":"category","embeddable":true,"href":"https:\/\/blogs.cpnl.cat\/sarriaambgracia\/index.php?rest_route=%2Fwp%2Fv2%2Fcategories&post=4010"},{"taxonomy":"post_tag","embeddable":true,"href":"https:\/\/blogs.cpnl.cat\/sarriaambgracia\/index.php?rest_route=%2Fwp%2Fv2%2Ftags&post=4010"}],"curies":[{"name":"wp","href":"https:\/\/api.w.org\/{rel}","templated":true}]}}