{"id":4017,"date":"2020-04-01T16:37:43","date_gmt":"2020-04-01T15:37:43","guid":{"rendered":"https:\/\/blogs.cpnl.cat\/sarriaambgracia\/?p=4017"},"modified":"2020-04-30T12:29:28","modified_gmt":"2020-04-30T11:29:28","slug":"comunicat-cpnl-covid-19","status":"publish","type":"post","link":"https:\/\/blogs.cpnl.cat\/sarriaambgracia\/?p=4017","title":{"rendered":"Comunicat CPNL Covid-19"},"content":{"rendered":"<p><strong>CONTINUEM ACTIUS!<\/strong><\/p>\n<p>D&#8217;acord amb les instruccions que estableix el Govern davant de la pand\u00e8mia del Coronavirus Covid-19, des del Consorci per a la Normalitzaci\u00f3 Ling\u00fc\u00edstica estem treballant per aplicar les mesures oportunes per tal de minimitzar els efectes sobre la salut dels nostres treballadors i usuaris. Per aquest motiu, s&#8217;ha decidit suspendre tota l&#8217;activitat presencial del CPNL.<\/p>\n<p>Aquestes mesures\u00a0<strong>es van iniciar el dijous 12 de mar\u00e7 i duraran, en principi, fins el 9 de maig.<\/strong><\/p>\n<p>Treballem tamb\u00e9 perqu\u00e8 la incid\u00e8ncia sobre els usuaris sigui la m\u00ednima, i es prendran totes les mesures que tinguem a l&#8217;abast per poder reprendre l&#8217;activitat tant la formativa com la resta tan aviat com la situaci\u00f3 ho permeti.<\/p>\n<p>Entretant, responem les preguntes dels usuaris, proposem recursos de llengua a les xarxes socials, treballem reprogramant l&#8217;activitat formativa per quan la situaci\u00f3 es normalitzi i\u00a0<strong>establim noves mesures.<\/strong><\/p>\n<p><strong>Connecta&#8217;t. Activa el teu catal\u00e0!<\/strong><\/p>\n<p>&nbsp;<\/p>\n<p>Per a m\u00e9s informaci\u00f3:<a href=\"https:\/\/www.cpnl.cat\/comunicat-cpnl-covid-19\/\"> https:\/\/www.cpnl.cat\/comunicat-cpnl-covid-19\/<\/a><\/p>\n","protected":false},"excerpt":{"rendered":"<p>CONTINUEM ACTIUS! D&#8217;acord amb les instruccions que estableix el Govern davant de la pand\u00e8mia del Coronavirus Covid-19, des del Consorci per a la Normalitzaci\u00f3 Ling\u00fc\u00edstica estem treballant per aplicar les mesures oportunes per tal de minimitzar els efectes sobre la salut dels nostres treballadors i usuaris. Per aquest motiu, s&#8217;ha decidit suspendre tota l&#8217;activitat presencial [&hellip;]<\/p>\n","protected":false},"author":527,"featured_media":0,"comment_status":"open","ping_status":"closed","sticky":false,"template":"","format":"standard","meta":{"ngg_post_thumbnail":0,"footnotes":""},"categories":[6,77424],"tags":[],"class_list":["post-4017","post","type-post","status-publish","format-standard","hentry","category-general","category-lespai-dels-professors"],"_links":{"self":[{"href":"https:\/\/blogs.cpnl.cat\/sarriaambgracia\/index.php?rest_route=\/wp\/v2\/posts\/4017","targetHints":{"allow":["GET"]}}],"collection":[{"href":"https:\/\/blogs.cpnl.cat\/sarriaambgracia\/index.php?rest_route=\/wp\/v2\/posts"}],"about":[{"href":"https:\/\/blogs.cpnl.cat\/sarriaambgracia\/index.php?rest_route=\/wp\/v2\/types\/post"}],"author":[{"embeddable":true,"href":"https:\/\/blogs.cpnl.cat\/sarriaambgracia\/index.php?rest_route=\/wp\/v2\/users\/527"}],"replies":[{"embeddable":true,"href":"https:\/\/blogs.cpnl.cat\/sarriaambgracia\/index.php?rest_route=%2Fwp%2Fv2%2Fcomments&post=4017"}],"version-history":[{"count":0,"href":"https:\/\/blogs.cpnl.cat\/sarriaambgracia\/index.php?rest_route=\/wp\/v2\/posts\/4017\/revisions"}],"wp:attachment":[{"href":"https:\/\/blogs.cpnl.cat\/sarriaambgracia\/index.php?rest_route=%2Fwp%2Fv2%2Fmedia&parent=4017"}],"wp:term":[{"taxonomy":"category","embeddable":true,"href":"https:\/\/blogs.cpnl.cat\/sarriaambgracia\/index.php?rest_route=%2Fwp%2Fv2%2Fcategories&post=4017"},{"taxonomy":"post_tag","embeddable":true,"href":"https:\/\/blogs.cpnl.cat\/sarriaambgracia\/index.php?rest_route=%2Fwp%2Fv2%2Ftags&post=4017"}],"curies":[{"name":"wp","href":"https:\/\/api.w.org\/{rel}","templated":true}]}}