{"id":4052,"date":"2020-07-31T09:05:15","date_gmt":"2020-07-31T08:05:15","guid":{"rendered":"https:\/\/blogs.cpnl.cat\/sarriaambgracia\/?p=4052"},"modified":"2020-07-31T10:51:45","modified_gmt":"2020-07-31T09:51:45","slug":"4052","status":"publish","type":"post","link":"https:\/\/blogs.cpnl.cat\/sarriaambgracia\/?p=4052","title":{"rendered":"Horari d&#8217;estiu"},"content":{"rendered":"<p><span lang=\"ca-ES\">Aquesta <\/span><span lang=\"ca-ES\">delegaci\u00f3 romandr\u00e0 tancada <\/span><span lang=\"ca-ES\">fins\u00a0<\/span><span lang=\"ca-ES\">al 31 d\u2019agost.<\/span><\/p>\n<p><span lang=\"ca-ES\">L&#8217;Espai Aviny\u00f3 &#8211; Llengua i Cultura del CNL de Barcelona atendr\u00e0 telef\u00f2nicament <strong>de dilluns a dijous, de 10 a 13.30 h,<\/strong> durant tot el mes. El Servei d&#8217;Autoaprenentatge i Formaci\u00f3 a Dist\u00e0ncia (SAFD) mantindr\u00e0 l&#8217;atenci\u00f3 per correu electr\u00f2nic a l&#8217;agost. <\/span>Nom\u00e9s s&#8217;atendran amb cita pr\u00e8via els casos que requereixin presencialitat.<\/p>\n<div>\n<p lang=\"ca-ES\"><span lang=\"ca-ES\">A partir de l\u20191 de setembre l&#8217;horari d\u2019atenci\u00f3 al p\u00fablic<\/span><span lang=\"ca-ES\"> de la Delegaci\u00f3 de Gr\u00e0cia i Sarri\u00e0-Sant Gervasi ser\u00e0 telef\u00f2nic<\/span> <span lang=\"ca-ES\">els dimarts i dijous de 9 a 14 h,<\/span><span lang=\"ca-ES\"> i a partir del 7 de setembre<\/span><span lang=\"ca-ES\">\u00a0de dilluns a divendres de 9 a 14<\/span><span lang=\"ca-ES\">\u00a0<\/span><span lang=\"ca-ES\">h. A partir del 16 de setembre s&#8217;atendr\u00e0 tamb\u00e9 els dimecres a la tarda, de<\/span><span lang=\"ca-ES\"> 16 a 20 h<\/span><span lang=\"ca-ES\">.<\/span><span lang=\"ca-ES\">\u00a0<\/span><span lang=\"ca-ES\"><br \/>\n<\/span><\/p>\n<p lang=\"ca-ES\"><span lang=\"ca-ES\">Consulteu el web <\/span><a href=\"https:\/\/www.cpnl.cat\/xarxa\/cnlbarcelona\/noticies\/25012\/el-cnl-de-barcelona-continua-oferint-atencio-telefonica-durant-l-estiu\"><span lang=\"ca-ES\">cpnl<\/span><span lang=\"ca-ES\">.cat\/<\/span><span lang=\"ca-ES\">barcelona<\/span><\/a><span lang=\"ca-ES\"> per a una informaci\u00f3 actualitzada.<\/span><\/p>\n<p lang=\"ca-ES\"><img loading=\"lazy\" decoding=\"async\" class=\"\" src=\"https:\/\/www.cpnl.cat\/media\/upload\/cache\/nordwood_themes_q8U1YgBaRQk_unsplash_1592208179_w550.jpg\" width=\"297\" height=\"198\" \/><\/p>\n<\/div>\n","protected":false},"excerpt":{"rendered":"<p>Aquesta delegaci\u00f3 romandr\u00e0 tancada fins\u00a0al 31 d\u2019agost. L&#8217;Espai Aviny\u00f3 &#8211; Llengua i Cultura del CNL de Barcelona atendr\u00e0 telef\u00f2nicament de dilluns a dijous, de 10 a 13.30 h, durant tot el mes. El Servei d&#8217;Autoaprenentatge i Formaci\u00f3 a Dist\u00e0ncia (SAFD) mantindr\u00e0 l&#8217;atenci\u00f3 per correu electr\u00f2nic a l&#8217;agost. Nom\u00e9s s&#8217;atendran amb cita pr\u00e8via els casos que [&hellip;]<\/p>\n","protected":false},"author":527,"featured_media":0,"comment_status":"open","ping_status":"closed","sticky":false,"template":"","format":"standard","meta":{"ngg_post_thumbnail":0,"footnotes":""},"categories":[6],"tags":[],"class_list":["post-4052","post","type-post","status-publish","format-standard","hentry","category-general"],"_links":{"self":[{"href":"https:\/\/blogs.cpnl.cat\/sarriaambgracia\/index.php?rest_route=\/wp\/v2\/posts\/4052","targetHints":{"allow":["GET"]}}],"collection":[{"href":"https:\/\/blogs.cpnl.cat\/sarriaambgracia\/index.php?rest_route=\/wp\/v2\/posts"}],"about":[{"href":"https:\/\/blogs.cpnl.cat\/sarriaambgracia\/index.php?rest_route=\/wp\/v2\/types\/post"}],"author":[{"embeddable":true,"href":"https:\/\/blogs.cpnl.cat\/sarriaambgracia\/index.php?rest_route=\/wp\/v2\/users\/527"}],"replies":[{"embeddable":true,"href":"https:\/\/blogs.cpnl.cat\/sarriaambgracia\/index.php?rest_route=%2Fwp%2Fv2%2Fcomments&post=4052"}],"version-history":[{"count":0,"href":"https:\/\/blogs.cpnl.cat\/sarriaambgracia\/index.php?rest_route=\/wp\/v2\/posts\/4052\/revisions"}],"wp:attachment":[{"href":"https:\/\/blogs.cpnl.cat\/sarriaambgracia\/index.php?rest_route=%2Fwp%2Fv2%2Fmedia&parent=4052"}],"wp:term":[{"taxonomy":"category","embeddable":true,"href":"https:\/\/blogs.cpnl.cat\/sarriaambgracia\/index.php?rest_route=%2Fwp%2Fv2%2Fcategories&post=4052"},{"taxonomy":"post_tag","embeddable":true,"href":"https:\/\/blogs.cpnl.cat\/sarriaambgracia\/index.php?rest_route=%2Fwp%2Fv2%2Ftags&post=4052"}],"curies":[{"name":"wp","href":"https:\/\/api.w.org\/{rel}","templated":true}]}}