{"id":4056,"date":"2020-07-09T14:35:41","date_gmt":"2020-07-09T13:35:41","guid":{"rendered":"https:\/\/blogs.cpnl.cat\/sarriaambgracia\/?p=4056"},"modified":"2020-07-23T09:39:00","modified_gmt":"2020-07-23T08:39:00","slug":"4056","status":"publish","type":"post","link":"https:\/\/blogs.cpnl.cat\/sarriaambgracia\/?p=4056","title":{"rendered":""},"content":{"rendered":"<p><img loading=\"lazy\" decoding=\"async\" class=\"\" src=\"https:\/\/mcusercontent.com\/5561472cf131ee3fc1dc12b58\/images\/2953715a-9d81-4744-bde8-0cb765dc8dbd.jpg\" width=\"287\" height=\"83\" \/><\/p>\n<p>Aquest mes de juliol, al CAT han programat de forma extraordin\u00e0ria, 3 models d&#8217;actes que corresponen a tres generacions de m\u00fasics: una primera trobada a la Taverna off amb els patriarques Jaume Arnella i Jordi F\u00e0bregas, que ens van regalar moments \u00fanics despr\u00e9s de 3 mesos amb ganes d&#8217;escoltar m\u00fasica al CAT; a la segona proposta Arturo Gaya va omplir la sala amb els seguidors incondicionals de Pete Seeger a la presentaci\u00f3 del disc &#8220;Tren Seeger. El poder de la can\u00e7\u00f3&#8221; acompanyat de molt\u00edssims artistes, amics i m\u00fasics. Per \u00faltim, Manu Sabat\u00e9, m\u00fasic de la jove escena folk, va estrenar &#8220;LOS&#8221;, un concert arran d&#8217;escenari que ens va convidar a viatjar a trav\u00e9s de llegendes i m\u00fasica per la vida de l&#8217;os.<\/p>\n<p>Tanquen la temporada de concerts de primavera en qu\u00e8 tant artistes, com p\u00fablic, com l&#8217;equip del CAT s&#8217;han adaptat a la situaci\u00f3, aix\u00f2 els ha donat molta energia per encarar la programaci\u00f3 de la Tardor Folk!<\/p>\n<p>Salut i folk!<\/p>\n<p><img loading=\"lazy\" decoding=\"async\" class=\"\" src=\"https:\/\/mcusercontent.com\/5561472cf131ee3fc1dc12b58\/_compresseds\/686745b2-59ba-4302-a51c-ea75699e9d9e.jpg\" width=\"323\" height=\"215\" \/><\/p>\n<p>Pots trobar m\u00e9s informaci\u00f3 a <a href=\"https:\/\/tradicionarius.us5.list-manage.com\/track\/click?u=5561472cf131ee3fc1dc12b58&amp;id=c9efc9bece&amp;e=1bf9245ce1\" target=\"_blank\" rel=\"noopener noreferrer\" data-auth=\"NotApplicable\">www.tradicionarius.cat<\/a><\/p>\n","protected":false},"excerpt":{"rendered":"<p>Aquest mes de juliol, al CAT han programat de forma extraordin\u00e0ria, 3 models d&#8217;actes que corresponen a tres generacions de m\u00fasics: una primera trobada a la Taverna off amb els patriarques Jaume Arnella i Jordi F\u00e0bregas, que ens van regalar moments \u00fanics despr\u00e9s de 3 mesos amb ganes d&#8217;escoltar m\u00fasica al CAT; a la segona [&hellip;]<\/p>\n","protected":false},"author":527,"featured_media":0,"comment_status":"open","ping_status":"closed","sticky":false,"template":"","format":"standard","meta":{"ngg_post_thumbnail":0,"footnotes":""},"categories":[6],"tags":[],"class_list":["post-4056","post","type-post","status-publish","format-standard","hentry","category-general"],"_links":{"self":[{"href":"https:\/\/blogs.cpnl.cat\/sarriaambgracia\/index.php?rest_route=\/wp\/v2\/posts\/4056","targetHints":{"allow":["GET"]}}],"collection":[{"href":"https:\/\/blogs.cpnl.cat\/sarriaambgracia\/index.php?rest_route=\/wp\/v2\/posts"}],"about":[{"href":"https:\/\/blogs.cpnl.cat\/sarriaambgracia\/index.php?rest_route=\/wp\/v2\/types\/post"}],"author":[{"embeddable":true,"href":"https:\/\/blogs.cpnl.cat\/sarriaambgracia\/index.php?rest_route=\/wp\/v2\/users\/527"}],"replies":[{"embeddable":true,"href":"https:\/\/blogs.cpnl.cat\/sarriaambgracia\/index.php?rest_route=%2Fwp%2Fv2%2Fcomments&post=4056"}],"version-history":[{"count":0,"href":"https:\/\/blogs.cpnl.cat\/sarriaambgracia\/index.php?rest_route=\/wp\/v2\/posts\/4056\/revisions"}],"wp:attachment":[{"href":"https:\/\/blogs.cpnl.cat\/sarriaambgracia\/index.php?rest_route=%2Fwp%2Fv2%2Fmedia&parent=4056"}],"wp:term":[{"taxonomy":"category","embeddable":true,"href":"https:\/\/blogs.cpnl.cat\/sarriaambgracia\/index.php?rest_route=%2Fwp%2Fv2%2Fcategories&post=4056"},{"taxonomy":"post_tag","embeddable":true,"href":"https:\/\/blogs.cpnl.cat\/sarriaambgracia\/index.php?rest_route=%2Fwp%2Fv2%2Ftags&post=4056"}],"curies":[{"name":"wp","href":"https:\/\/api.w.org\/{rel}","templated":true}]}}