{"id":4059,"date":"2020-09-08T11:26:50","date_gmt":"2020-09-08T10:26:50","guid":{"rendered":"https:\/\/blogs.cpnl.cat\/sarriaambgracia\/?p=4059"},"modified":"2020-09-30T16:48:40","modified_gmt":"2020-09-30T15:48:40","slug":"com-podras-aprendre-catala-a-partir-del-setembre","status":"publish","type":"post","link":"https:\/\/blogs.cpnl.cat\/sarriaambgracia\/?p=4059","title":{"rendered":"Inscripcions als cursos"},"content":{"rendered":"<p>Sol\u00b7licitud de cita pr\u00e8via per fer la prova de col\u00b7locaci\u00f3: a partir del\u00a0<strong>8 de setembre<\/strong><\/p>\n<p>Inscripci\u00f3 preferent: a partir del\u00a0<strong>14 de setembre<\/strong><\/p>\n<p>Inscripci\u00f3 general: a partir del\u00a0<strong>17 de setembre<\/strong><\/p>\n<p>&nbsp;<\/p>\n<h3><strong>Connecta&#8217;t al web d&#8217;inscripci\u00f3 en l\u00ednia<\/strong><\/h3>\n<p>Entra al <a href=\"https:\/\/www.cpnl.cat\/inscripcio\">web d\u2019inscripcions<\/a> \u00a0i matricula&#8217;t al teu curs de catal\u00e0.<\/p>\n<p>&nbsp;<\/p>\n<h3><strong>Atenci\u00f3 al p\u00fablic<\/strong><\/h3>\n<p>L&#8217;atenci\u00f3 al p\u00fablic es fa preferentment per via telem\u00e0tica. Si, amb tot, optes per venir presencialment, cal que demanis cita pr\u00e8via. Pots trucar de dilluns a divendres, de 9 a 14 h al 932 178 723, o ens pots escriure a <a href=\"mailto:cpnl@cpnl.cat\">gracia@cpnl.cat.<\/a><\/p>\n<p>Per a m\u00e9s informaci\u00f3 entra al<a href=\"https:\/\/www.cpnl.cat\/cursos-de-catala\/informacio-dels-cursos-2020\/\"> web del CPNL.<\/a><\/p>\n<p><img loading=\"lazy\" decoding=\"async\" class=\"\" src=\"https:\/\/blogs.cpnl.cat\/santandreu\/files\/2020\/09\/cursos-de-catal%C3%A0.png\" width=\"426\" height=\"609\" \/><\/p>\n","protected":false},"excerpt":{"rendered":"<p>Sol\u00b7licitud de cita pr\u00e8via per fer la prova de col\u00b7locaci\u00f3: a partir del\u00a08 de setembre Inscripci\u00f3 preferent: a partir del\u00a014 de setembre Inscripci\u00f3 general: a partir del\u00a017 de setembre &nbsp; Connecta&#8217;t al web d&#8217;inscripci\u00f3 en l\u00ednia Entra al web d\u2019inscripcions \u00a0i matricula&#8217;t al teu curs de catal\u00e0. &nbsp; Atenci\u00f3 al p\u00fablic L&#8217;atenci\u00f3 al p\u00fablic es [&hellip;]<\/p>\n","protected":false},"author":527,"featured_media":0,"comment_status":"open","ping_status":"closed","sticky":false,"template":"","format":"standard","meta":{"ngg_post_thumbnail":0,"footnotes":""},"categories":[6],"tags":[],"class_list":["post-4059","post","type-post","status-publish","format-standard","hentry","category-general"],"_links":{"self":[{"href":"https:\/\/blogs.cpnl.cat\/sarriaambgracia\/index.php?rest_route=\/wp\/v2\/posts\/4059","targetHints":{"allow":["GET"]}}],"collection":[{"href":"https:\/\/blogs.cpnl.cat\/sarriaambgracia\/index.php?rest_route=\/wp\/v2\/posts"}],"about":[{"href":"https:\/\/blogs.cpnl.cat\/sarriaambgracia\/index.php?rest_route=\/wp\/v2\/types\/post"}],"author":[{"embeddable":true,"href":"https:\/\/blogs.cpnl.cat\/sarriaambgracia\/index.php?rest_route=\/wp\/v2\/users\/527"}],"replies":[{"embeddable":true,"href":"https:\/\/blogs.cpnl.cat\/sarriaambgracia\/index.php?rest_route=%2Fwp%2Fv2%2Fcomments&post=4059"}],"version-history":[{"count":0,"href":"https:\/\/blogs.cpnl.cat\/sarriaambgracia\/index.php?rest_route=\/wp\/v2\/posts\/4059\/revisions"}],"wp:attachment":[{"href":"https:\/\/blogs.cpnl.cat\/sarriaambgracia\/index.php?rest_route=%2Fwp%2Fv2%2Fmedia&parent=4059"}],"wp:term":[{"taxonomy":"category","embeddable":true,"href":"https:\/\/blogs.cpnl.cat\/sarriaambgracia\/index.php?rest_route=%2Fwp%2Fv2%2Fcategories&post=4059"},{"taxonomy":"post_tag","embeddable":true,"href":"https:\/\/blogs.cpnl.cat\/sarriaambgracia\/index.php?rest_route=%2Fwp%2Fv2%2Ftags&post=4059"}],"curies":[{"name":"wp","href":"https:\/\/api.w.org\/{rel}","templated":true}]}}