{"id":4072,"date":"2020-09-30T08:56:51","date_gmt":"2020-09-30T07:56:51","guid":{"rendered":"https:\/\/blogs.cpnl.cat\/sarriaambgracia\/?p=4072"},"modified":"2020-10-05T08:41:57","modified_gmt":"2020-10-05T07:41:57","slug":"quan-parles-fas-magia-nova-campanya-dimpuls-al-voluntariat-per-la-llengua","status":"publish","type":"post","link":"https:\/\/blogs.cpnl.cat\/sarriaambgracia\/?p=4072","title":{"rendered":"\u201cQuan parles fas m\u00e0gia\u201d, nova campanya d\u2019impuls al Voluntariat per la llengua"},"content":{"rendered":"<p>El programa\u00a0<a class=\"external\" href=\"http:\/\/www.vxl.cat\/\" target=\"_blank\" rel=\"external noopener noreferrer\">Voluntariat per la llengua<\/a>\u00a0de la Direcci\u00f3 General de Pol\u00edtica Ling\u00fc\u00edstica, que gestiona territorialment el Consorci per a la Normalitzaci\u00f3 Ling\u00fc\u00edstica i que t\u00e9 com a objectiu fer cr\u00e9ixer el domini de l&#8217;\u00fas oral del catal\u00e0, comen\u00e7a una nova temporada d&#8217;activitats amb la campanya de promoci\u00f3 &#8220;Quan parles fas m\u00e0gia&#8221; i una nova imatge gr\u00e0fica. La campanya vol incidir en la transformaci\u00f3 personal que suposa per a aprenents i voluntaris practicar el catal\u00e0 junts.<\/p>\n<p>Les noves accions donem embranzida a un programa amb m\u00e9s de 17 anys d&#8217;exist\u00e8ncia i mereixedor de diversos reconeixements. La campanya inclou tres v\u00eddeos protagonitzats per voluntaris i aprenents reals del programa: un de situat en un\u00a0ambient urb\u00e0, un altre en un\u00a0ambient m\u00e9s rural\u00a0i un tercer que se centra en el\u00a0voluntariat en l\u00ednia, que el 2020 ha crescut notablement amb els canvis d&#8217;h\u00e0bits provocats per la COVID-19.<\/p>\n<p><img loading=\"lazy\" decoding=\"async\" class=\"\" src=\"https:\/\/www.cpnl.cat\/media\/upload\/cache\/20200928_VxL_Magia_difusio_750x500jpg_939772829_1601449896_w550.jpg\" width=\"358\" height=\"239\" \/><\/p>\n<p><iframe loading=\"lazy\" title=\"Espot 01 Voluntariat per la llengua. &quot;Quan parles fas m\u00e0gia&quot;\" width=\"500\" height=\"281\" src=\"https:\/\/www.youtube.com\/embed\/-NAPFhp-o-8?feature=oembed\" frameborder=\"0\" allow=\"accelerometer; autoplay; clipboard-write; encrypted-media; gyroscope; picture-in-picture; web-share\" referrerpolicy=\"strict-origin-when-cross-origin\" allowfullscreen><\/iframe><\/p>\n","protected":false},"excerpt":{"rendered":"<p>El programa\u00a0Voluntariat per la llengua\u00a0de la Direcci\u00f3 General de Pol\u00edtica Ling\u00fc\u00edstica, que gestiona territorialment el Consorci per a la Normalitzaci\u00f3 Ling\u00fc\u00edstica i que t\u00e9 com a objectiu fer cr\u00e9ixer el domini de l&#8217;\u00fas oral del catal\u00e0, comen\u00e7a una nova temporada d&#8217;activitats amb la campanya de promoci\u00f3 &#8220;Quan parles fas m\u00e0gia&#8221; i una nova imatge gr\u00e0fica. [&hellip;]<\/p>\n","protected":false},"author":527,"featured_media":0,"comment_status":"open","ping_status":"closed","sticky":false,"template":"","format":"standard","meta":{"ngg_post_thumbnail":0,"footnotes":""},"categories":[6],"tags":[],"class_list":["post-4072","post","type-post","status-publish","format-standard","hentry","category-general"],"_links":{"self":[{"href":"https:\/\/blogs.cpnl.cat\/sarriaambgracia\/index.php?rest_route=\/wp\/v2\/posts\/4072","targetHints":{"allow":["GET"]}}],"collection":[{"href":"https:\/\/blogs.cpnl.cat\/sarriaambgracia\/index.php?rest_route=\/wp\/v2\/posts"}],"about":[{"href":"https:\/\/blogs.cpnl.cat\/sarriaambgracia\/index.php?rest_route=\/wp\/v2\/types\/post"}],"author":[{"embeddable":true,"href":"https:\/\/blogs.cpnl.cat\/sarriaambgracia\/index.php?rest_route=\/wp\/v2\/users\/527"}],"replies":[{"embeddable":true,"href":"https:\/\/blogs.cpnl.cat\/sarriaambgracia\/index.php?rest_route=%2Fwp%2Fv2%2Fcomments&post=4072"}],"version-history":[{"count":0,"href":"https:\/\/blogs.cpnl.cat\/sarriaambgracia\/index.php?rest_route=\/wp\/v2\/posts\/4072\/revisions"}],"wp:attachment":[{"href":"https:\/\/blogs.cpnl.cat\/sarriaambgracia\/index.php?rest_route=%2Fwp%2Fv2%2Fmedia&parent=4072"}],"wp:term":[{"taxonomy":"category","embeddable":true,"href":"https:\/\/blogs.cpnl.cat\/sarriaambgracia\/index.php?rest_route=%2Fwp%2Fv2%2Fcategories&post=4072"},{"taxonomy":"post_tag","embeddable":true,"href":"https:\/\/blogs.cpnl.cat\/sarriaambgracia\/index.php?rest_route=%2Fwp%2Fv2%2Ftags&post=4072"}],"curies":[{"name":"wp","href":"https:\/\/api.w.org\/{rel}","templated":true}]}}