{"id":4077,"date":"2020-10-01T08:39:28","date_gmt":"2020-10-01T07:39:28","guid":{"rendered":"https:\/\/blogs.cpnl.cat\/sarriaambgracia\/?p=4077"},"modified":"2020-10-22T07:38:35","modified_gmt":"2020-10-22T06:38:35","slug":"4077","status":"publish","type":"post","link":"https:\/\/blogs.cpnl.cat\/sarriaambgracia\/?p=4077","title":{"rendered":"&#8220;Les campanes d&#8217;\u00fas civil a Catalunya&#8221;"},"content":{"rendered":"<p>Enguany la Festa Major de Sarri\u00e0 ser\u00e0 diferent a causa de la situaci\u00f3 excepcional que estem vivint<span style=\"font-size: 12pt;\">.\u00a0<\/span><\/p>\n<p>Us convidem a visitar l&#8217;exposici\u00f3 del Departament de Cultura <a href=\"https:\/\/cultura.gencat.cat\/ca\/departament\/estructura_i_adreces\/organismes\/dgcpt\/05_documents_i_recursos\/04_exposicicons_itinerants\/campanes\/\">&#8220;Les campanes d&#8217;\u00fas civil a Catalunya: cap a la concepci\u00f3 moderna dels temps&#8221;<\/a> , que es podr\u00e0 veure de l&#8217;<strong>1 al 31 d&#8217;octubre<\/strong>, de dilluns a dissabte, de 17 a 23 h i els caps de setmana fins a les 24 h, a l&#8217;Associaci\u00f3 Centre Cultural de Sant Vicen\u00e7 de Sarri\u00e0. El CNL de Barcelona hi col\u00b7labora fent difusi\u00f3 entre totes les persones usu\u00e0ries.<\/p>\n<p>Els tocs de campana van ser declarats com a element festiu patrimoni d\u2019inter\u00e8s nacional a l\u2019octubre de 2017 pel Govern de la Generalitat de Catalunya. Des d&#8217;aleshores, s\u2019han organitzat diversos simposis i accions encaminades a donar a con\u00e8ixer el m\u00f3n campaner.<\/p>\n<p><img decoding=\"async\" src=\"https:\/\/cultura.gencat.cat\/web\/.content\/cultura_popular\/05_documents_i_recursos\/04_exposicions_itinerants\/Expo_campanes_civils\/Ia_Expo_Campanes.jpg_933440235.jpg\" alt=\"logotip amb el fons negre i lletra en blanc i ocre\" \/><\/p>\n<p>Aqu\u00ed teniu la resta d&#8217;activitats: <a href=\"https:\/\/www.centredesarria.cat\/agenda\/festes-del-roser-2020\/\">Programaci\u00f3 Festes Sarri\u00e0 2020<\/a><\/p>\n","protected":false},"excerpt":{"rendered":"<p>Enguany la Festa Major de Sarri\u00e0 ser\u00e0 diferent a causa de la situaci\u00f3 excepcional que estem vivint.\u00a0 Us convidem a visitar l&#8217;exposici\u00f3 del Departament de Cultura &#8220;Les campanes d&#8217;\u00fas civil a Catalunya: cap a la concepci\u00f3 moderna dels temps&#8221; , que es podr\u00e0 veure de l&#8217;1 al 31 d&#8217;octubre, de dilluns a dissabte, de 17 [&hellip;]<\/p>\n","protected":false},"author":527,"featured_media":0,"comment_status":"open","ping_status":"closed","sticky":false,"template":"","format":"standard","meta":{"ngg_post_thumbnail":0,"footnotes":""},"categories":[6],"tags":[],"class_list":["post-4077","post","type-post","status-publish","format-standard","hentry","category-general"],"_links":{"self":[{"href":"https:\/\/blogs.cpnl.cat\/sarriaambgracia\/index.php?rest_route=\/wp\/v2\/posts\/4077","targetHints":{"allow":["GET"]}}],"collection":[{"href":"https:\/\/blogs.cpnl.cat\/sarriaambgracia\/index.php?rest_route=\/wp\/v2\/posts"}],"about":[{"href":"https:\/\/blogs.cpnl.cat\/sarriaambgracia\/index.php?rest_route=\/wp\/v2\/types\/post"}],"author":[{"embeddable":true,"href":"https:\/\/blogs.cpnl.cat\/sarriaambgracia\/index.php?rest_route=\/wp\/v2\/users\/527"}],"replies":[{"embeddable":true,"href":"https:\/\/blogs.cpnl.cat\/sarriaambgracia\/index.php?rest_route=%2Fwp%2Fv2%2Fcomments&post=4077"}],"version-history":[{"count":0,"href":"https:\/\/blogs.cpnl.cat\/sarriaambgracia\/index.php?rest_route=\/wp\/v2\/posts\/4077\/revisions"}],"wp:attachment":[{"href":"https:\/\/blogs.cpnl.cat\/sarriaambgracia\/index.php?rest_route=%2Fwp%2Fv2%2Fmedia&parent=4077"}],"wp:term":[{"taxonomy":"category","embeddable":true,"href":"https:\/\/blogs.cpnl.cat\/sarriaambgracia\/index.php?rest_route=%2Fwp%2Fv2%2Fcategories&post=4077"},{"taxonomy":"post_tag","embeddable":true,"href":"https:\/\/blogs.cpnl.cat\/sarriaambgracia\/index.php?rest_route=%2Fwp%2Fv2%2Ftags&post=4077"}],"curies":[{"name":"wp","href":"https:\/\/api.w.org\/{rel}","templated":true}]}}