{"id":4081,"date":"2020-10-21T11:02:17","date_gmt":"2020-10-21T10:02:17","guid":{"rendered":"https:\/\/blogs.cpnl.cat\/sarriaambgracia\/?p=4081"},"modified":"2020-10-21T11:02:17","modified_gmt":"2020-10-21T10:02:17","slug":"4081","status":"publish","type":"post","link":"https:\/\/blogs.cpnl.cat\/sarriaambgracia\/?p=4081","title":{"rendered":""},"content":{"rendered":"<p><img loading=\"lazy\" decoding=\"async\" class=\"\" src=\"https:\/\/mcusercontent.com\/5561472cf131ee3fc1dc12b58\/images\/07eaad4f-2157-4d99-ac8e-7ad8d4385470.jpg\" width=\"332\" height=\"96\" \/><\/p>\n<p><strong>La Taverna del CAT<\/strong><\/p>\n<p>&nbsp;<\/p>\n<p><strong>Any Perucho<\/strong><\/p>\n<p><img loading=\"lazy\" decoding=\"async\" class=\"\" src=\"https:\/\/mcusercontent.com\/5561472cf131ee3fc1dc12b58\/images\/cd899820-246d-426d-b7a8-9a4ee6e3e765.jpg\" width=\"234\" height=\"234\" \/><\/p>\n<p>Ja pots visitar l&#8217;exposici\u00f3\u00a0<strong>&#8220;Joan Perucho: Creaci\u00f3, imaginaci\u00f3 i bon gust&#8221;<\/strong>\u00a0que repassa totes les facetes de Joan Perucho amb la voluntat de despertar l\u2019inter\u00e8s cap a la seva obra. Una proposta ideada per Juli\u00e0 Guillamon i dissenyada per Marc Valls.\u00a0L&#8217;exposici\u00f3 est\u00e0 produ\u00efda per la Instituci\u00f3 de les Lletres Catalanes<\/p>\n<p>Horari de visites: de dilluns a divendres de 17 h a 21 h al CAT Tradicion\u00e0rius fins a l&#8217;11 de novembre.<\/p>\n<p>&nbsp;<\/p>\n<p>Pots trobar tots els continguts del traDDigital\u00a0al web amb aquestes paraules clau a\u00a0<a href=\"https:\/\/tradicionarius.us5.list-manage.com\/track\/click?u=5561472cf131ee3fc1dc12b58&amp;id=84f7de8ec7&amp;e=1bf9245ce1\" target=\"_blank\" rel=\"noopener noreferrer\" data-auth=\"NotApplicable\">www.tradicionarius.cat<\/a><\/p>\n","protected":false},"excerpt":{"rendered":"<p>La Taverna del CAT &nbsp; Any Perucho Ja pots visitar l&#8217;exposici\u00f3\u00a0&#8220;Joan Perucho: Creaci\u00f3, imaginaci\u00f3 i bon gust&#8221;\u00a0que repassa totes les facetes de Joan Perucho amb la voluntat de despertar l\u2019inter\u00e8s cap a la seva obra. Una proposta ideada per Juli\u00e0 Guillamon i dissenyada per Marc Valls.\u00a0L&#8217;exposici\u00f3 est\u00e0 produ\u00efda per la Instituci\u00f3 de les Lletres Catalanes [&hellip;]<\/p>\n","protected":false},"author":527,"featured_media":0,"comment_status":"open","ping_status":"closed","sticky":false,"template":"","format":"standard","meta":{"ngg_post_thumbnail":0,"footnotes":""},"categories":[140808,40148,6],"tags":[],"class_list":["post-4081","post","type-post","status-publish","format-standard","hentry","category-activitats-literaries-i-trobades-amb-autors","category-exposicions","category-general"],"_links":{"self":[{"href":"https:\/\/blogs.cpnl.cat\/sarriaambgracia\/index.php?rest_route=\/wp\/v2\/posts\/4081","targetHints":{"allow":["GET"]}}],"collection":[{"href":"https:\/\/blogs.cpnl.cat\/sarriaambgracia\/index.php?rest_route=\/wp\/v2\/posts"}],"about":[{"href":"https:\/\/blogs.cpnl.cat\/sarriaambgracia\/index.php?rest_route=\/wp\/v2\/types\/post"}],"author":[{"embeddable":true,"href":"https:\/\/blogs.cpnl.cat\/sarriaambgracia\/index.php?rest_route=\/wp\/v2\/users\/527"}],"replies":[{"embeddable":true,"href":"https:\/\/blogs.cpnl.cat\/sarriaambgracia\/index.php?rest_route=%2Fwp%2Fv2%2Fcomments&post=4081"}],"version-history":[{"count":0,"href":"https:\/\/blogs.cpnl.cat\/sarriaambgracia\/index.php?rest_route=\/wp\/v2\/posts\/4081\/revisions"}],"wp:attachment":[{"href":"https:\/\/blogs.cpnl.cat\/sarriaambgracia\/index.php?rest_route=%2Fwp%2Fv2%2Fmedia&parent=4081"}],"wp:term":[{"taxonomy":"category","embeddable":true,"href":"https:\/\/blogs.cpnl.cat\/sarriaambgracia\/index.php?rest_route=%2Fwp%2Fv2%2Fcategories&post=4081"},{"taxonomy":"post_tag","embeddable":true,"href":"https:\/\/blogs.cpnl.cat\/sarriaambgracia\/index.php?rest_route=%2Fwp%2Fv2%2Ftags&post=4081"}],"curies":[{"name":"wp","href":"https:\/\/api.w.org\/{rel}","templated":true}]}}