{"id":4084,"date":"2020-10-26T08:11:50","date_gmt":"2020-10-26T07:11:50","guid":{"rendered":"https:\/\/blogs.cpnl.cat\/sarriaambgracia\/?p=4084"},"modified":"2020-10-26T10:43:26","modified_gmt":"2020-10-26T09:43:26","slug":"el-consorci-per-a-la-normalitzacio-linguistica-impulsa-el-servei-dassessorament-linguistic-sal-per-a-empreses-i-associacions-empresarials","status":"publish","type":"post","link":"https:\/\/blogs.cpnl.cat\/sarriaambgracia\/?p=4084","title":{"rendered":"El Consorci per a la Normalitzaci\u00f3 Ling\u00fc\u00edstica impulsa el Servei d\u2019Assessorament Ling\u00fc\u00edstic (SAL) per a empreses i associacions empresarials"},"content":{"rendered":"<p>El Consorci per a la Normalitzaci\u00f3 Ling\u00fc\u00edstica posa a l&#8217;abast de totes les empreses i associacions d&#8217;empresaris el Servei d&#8217;Assessorament Ling\u00fc\u00edstic (SAL), amb la finalitat de garantir la qualitat de les comunicacions professionals i afavorir la progressiva autonomia ling\u00fc\u00edstica dels usuaris. Per fer con\u00e8ixer aquest servei, el Consorci engega una campanya de difusi\u00f3 a les xarxes, amb un\u00a0<a class=\"external\" href=\"https:\/\/arxius.cpnl.cat\/arxius\/tmp\/SAL.mp4\" target=\"_blank\" rel=\"external noopener noreferrer\">v\u00eddeo promocional<\/a>\u00a0i amb les etiquetes #ConnectaAmbElSAL i #SAL_CPNL.<\/p>\n<p>Aquest servei vol dotar el sector empresarial d&#8217;eines i recursos perqu\u00e8 puguin comunicar de manera efica\u00e7, publicar textos de qualitat i redactar amb seguretat. Es tracta de facilitar al m\u00e0xim l&#8217;\u00fas del catal\u00e0 en les comunicacions empresarials, com un element important de la qualitat integral del producte que ofereixen.<\/p>\n<p>Les empreses o associacions empresarials que vulguin accedir als\u00a0<a href=\"https:\/\/www.cpnl.cat\/serveis\/sal\/\">serveis del SAL<\/a>\u00a0s&#8217;han d&#8217;adre\u00e7ar al Consorci per a la Normalitzaci\u00f3 Ling\u00fc\u00edstica per mitj\u00e0 de l&#8217;adre\u00e7a\u00a0<a href=\"mailto:sal@cpnl.cat\">sal@cpnl.cat<\/a>.<\/p>\n<p>Professionals altament qualificats revisen els textos amb un m\u00e8tode de revisi\u00f3 propi i una atenci\u00f3 personalitzada. Aquest servei est\u00e0 sotm\u00e8s a unes\u00a0<a href=\"https:\/\/www.cpnl.cat\/serveis\/empreses\/correccio-de-textos\/\">condicions d&#8217;\u00fas<\/a>\u00a0que impliquen certes restriccions, com treballs de creaci\u00f3, treballs acad\u00e8mics o textos provinents de centres d&#8217;ensenyament.<\/p>\n<p>Tamb\u00e9 se&#8217;ls ofereixen altres servies de suport i acompanyament, com el\u00a0<a href=\"https:\/\/www.cpnl.cat\/serveis\/empreses\/pla-d-autonomia-linguistica\/\">Pla d&#8217;autonomia ling\u00fc\u00edstica<\/a>, l&#8217;<a href=\"https:\/\/www.cpnl.cat\/serveis\/empreses\/entrenament-linguistic\/\">entrenament ling\u00fc\u00edstic per a empreses<\/a>\u00a0o les\u00a0<a href=\"https:\/\/www.cpnl.cat\/serveis\/empreses\/cursos-i-sessions-formatives\/\">sessions formatives<\/a>, entre altres eines de capacitaci\u00f3 ling\u00fc\u00edstica.<\/p>\n<p><img loading=\"lazy\" decoding=\"async\" class=\"\" src=\"https:\/\/www.cpnl.cat\/media\/upload\/cache\/20201026_SAL_1603701032_w550.jpg\" width=\"361\" height=\"241\" \/><\/p>\n<p>&nbsp;<\/p>\n","protected":false},"excerpt":{"rendered":"<p>El Consorci per a la Normalitzaci\u00f3 Ling\u00fc\u00edstica posa a l&#8217;abast de totes les empreses i associacions d&#8217;empresaris el Servei d&#8217;Assessorament Ling\u00fc\u00edstic (SAL), amb la finalitat de garantir la qualitat de les comunicacions professionals i afavorir la progressiva autonomia ling\u00fc\u00edstica dels usuaris. Per fer con\u00e8ixer aquest servei, el Consorci engega una campanya de difusi\u00f3 a les [&hellip;]<\/p>\n","protected":false},"author":527,"featured_media":0,"comment_status":"open","ping_status":"closed","sticky":false,"template":"","format":"standard","meta":{"ngg_post_thumbnail":0,"footnotes":""},"categories":[6],"tags":[],"class_list":["post-4084","post","type-post","status-publish","format-standard","hentry","category-general"],"_links":{"self":[{"href":"https:\/\/blogs.cpnl.cat\/sarriaambgracia\/index.php?rest_route=\/wp\/v2\/posts\/4084","targetHints":{"allow":["GET"]}}],"collection":[{"href":"https:\/\/blogs.cpnl.cat\/sarriaambgracia\/index.php?rest_route=\/wp\/v2\/posts"}],"about":[{"href":"https:\/\/blogs.cpnl.cat\/sarriaambgracia\/index.php?rest_route=\/wp\/v2\/types\/post"}],"author":[{"embeddable":true,"href":"https:\/\/blogs.cpnl.cat\/sarriaambgracia\/index.php?rest_route=\/wp\/v2\/users\/527"}],"replies":[{"embeddable":true,"href":"https:\/\/blogs.cpnl.cat\/sarriaambgracia\/index.php?rest_route=%2Fwp%2Fv2%2Fcomments&post=4084"}],"version-history":[{"count":0,"href":"https:\/\/blogs.cpnl.cat\/sarriaambgracia\/index.php?rest_route=\/wp\/v2\/posts\/4084\/revisions"}],"wp:attachment":[{"href":"https:\/\/blogs.cpnl.cat\/sarriaambgracia\/index.php?rest_route=%2Fwp%2Fv2%2Fmedia&parent=4084"}],"wp:term":[{"taxonomy":"category","embeddable":true,"href":"https:\/\/blogs.cpnl.cat\/sarriaambgracia\/index.php?rest_route=%2Fwp%2Fv2%2Fcategories&post=4084"},{"taxonomy":"post_tag","embeddable":true,"href":"https:\/\/blogs.cpnl.cat\/sarriaambgracia\/index.php?rest_route=%2Fwp%2Fv2%2Ftags&post=4084"}],"curies":[{"name":"wp","href":"https:\/\/api.w.org\/{rel}","templated":true}]}}