{"id":4259,"date":"2021-05-03T12:15:37","date_gmt":"2021-05-03T11:15:37","guid":{"rendered":"https:\/\/blogs.cpnl.cat\/sarriaambgracia\/?p=4259"},"modified":"2021-05-06T08:15:20","modified_gmt":"2021-05-06T07:15:20","slug":"lexposicio-quan-parles-fas-magia-a-la-delegacio-de-gracia-i-sarria-sant-gervasi","status":"publish","type":"post","link":"https:\/\/blogs.cpnl.cat\/sarriaambgracia\/?p=4259","title":{"rendered":"L&#8217;exposici\u00f3 &#8220;Quan parles fas m\u00e0gia&#8221; a la Delegaci\u00f3 de Gr\u00e0cia i Sarri\u00e0-Sant Gervasi"},"content":{"rendered":"<p>L&#8217;exposici\u00f3 &#8220;Quan parles fas m\u00e0gia&#8221; del Voluntariat per la llengua es podr\u00e0 visitar al vest\u00edbul de la Delegaci\u00f3 de Gr\u00e0cia i Sarri\u00e0-Sant Gervasi del 3 al 31 de maig. L&#8217;horari \u00e9s de dilluns a dijous, de 9 a 14\u00a0 i de 16 a 20, i divendres, de 9 a 14 h.<\/p>\n<p><img loading=\"lazy\" decoding=\"async\" class=\"alignnone wp-image-4260\" src=\"https:\/\/blogs.cpnl.cat\/sarriaambgracia\/files\/2021\/04\/expo-vxl-lones-300x100.jpg\" alt=\"\" width=\"489\" height=\"163\" srcset=\"https:\/\/blogs.cpnl.cat\/sarriaambgracia\/files\/2021\/04\/expo-vxl-lones-300x100.jpg 300w, https:\/\/blogs.cpnl.cat\/sarriaambgracia\/files\/2021\/04\/expo-vxl-lones.jpg 598w\" sizes=\"auto, (max-width: 489px) 100vw, 489px\" \/><\/p>\n<p>L&#8217;exposici\u00f3 forma part d&#8217;una campanya del <a class=\"external\" href=\"https:\/\/www.vxl.cat\/\" target=\"_blank\" rel=\"external noopener\">Voluntariat per la llengua<\/a>\u00a0que vol animar les persones a afegir-se a aquest programa d&#8217;enriquiment ling\u00fc\u00edstic, cultural i personal que no ha parat de cr\u00e9ixer des de la seva creaci\u00f3, el 2003. I ho vol fer a partir de la met\u00e0fora de la m\u00e0gia. &#8220;Quan parles fas m\u00e0gia&#8221; focalitza l&#8217;atenci\u00f3 en un aspecte clau del programa: la capacitat per fer cr\u00e9ixer el catal\u00e0 a trav\u00e9s de la conversa i transformar la vida de les persones que hi participen a partir de la llengua.<\/p>\n<p><img loading=\"lazy\" decoding=\"async\" class=\"\" src=\"https:\/\/www.cpnl.cat\/media\/upload\/cache\/expoquanparlesfasmgia_1620034663_w550.jpg\" width=\"389\" height=\"292\" \/><\/p>\n<p><a href=\"https:\/\/llengua.gencat.cat\/ca\/serveis\/informacio_i_difusio\/exposicions\/quan-parles-fas-magia\/\">Quan parles fas m\u00e0gia. Llengua catalana (gencat.cat)<\/a><\/p>\n","protected":false},"excerpt":{"rendered":"<p>L&#8217;exposici\u00f3 &#8220;Quan parles fas m\u00e0gia&#8221; del Voluntariat per la llengua es podr\u00e0 visitar al vest\u00edbul de la Delegaci\u00f3 de Gr\u00e0cia i Sarri\u00e0-Sant Gervasi del 3 al 31 de maig. L&#8217;horari \u00e9s de dilluns a dijous, de 9 a 14\u00a0 i de 16 a 20, i divendres, de 9 a 14 h. L&#8217;exposici\u00f3 forma part d&#8217;una [&hellip;]<\/p>\n","protected":false},"author":527,"featured_media":0,"comment_status":"open","ping_status":"closed","sticky":false,"template":"","format":"standard","meta":{"ngg_post_thumbnail":0,"footnotes":""},"categories":[40148,6,77424],"tags":[],"class_list":["post-4259","post","type-post","status-publish","format-standard","hentry","category-exposicions","category-general","category-lespai-dels-professors"],"_links":{"self":[{"href":"https:\/\/blogs.cpnl.cat\/sarriaambgracia\/index.php?rest_route=\/wp\/v2\/posts\/4259","targetHints":{"allow":["GET"]}}],"collection":[{"href":"https:\/\/blogs.cpnl.cat\/sarriaambgracia\/index.php?rest_route=\/wp\/v2\/posts"}],"about":[{"href":"https:\/\/blogs.cpnl.cat\/sarriaambgracia\/index.php?rest_route=\/wp\/v2\/types\/post"}],"author":[{"embeddable":true,"href":"https:\/\/blogs.cpnl.cat\/sarriaambgracia\/index.php?rest_route=\/wp\/v2\/users\/527"}],"replies":[{"embeddable":true,"href":"https:\/\/blogs.cpnl.cat\/sarriaambgracia\/index.php?rest_route=%2Fwp%2Fv2%2Fcomments&post=4259"}],"version-history":[{"count":0,"href":"https:\/\/blogs.cpnl.cat\/sarriaambgracia\/index.php?rest_route=\/wp\/v2\/posts\/4259\/revisions"}],"wp:attachment":[{"href":"https:\/\/blogs.cpnl.cat\/sarriaambgracia\/index.php?rest_route=%2Fwp%2Fv2%2Fmedia&parent=4259"}],"wp:term":[{"taxonomy":"category","embeddable":true,"href":"https:\/\/blogs.cpnl.cat\/sarriaambgracia\/index.php?rest_route=%2Fwp%2Fv2%2Fcategories&post=4259"},{"taxonomy":"post_tag","embeddable":true,"href":"https:\/\/blogs.cpnl.cat\/sarriaambgracia\/index.php?rest_route=%2Fwp%2Fv2%2Ftags&post=4259"}],"curies":[{"name":"wp","href":"https:\/\/api.w.org\/{rel}","templated":true}]}}