{"id":4264,"date":"2021-06-16T12:13:23","date_gmt":"2021-06-16T11:13:23","guid":{"rendered":"https:\/\/blogs.cpnl.cat\/sarriaambgracia\/?p=4264"},"modified":"2021-06-17T07:25:48","modified_gmt":"2021-06-17T06:25:48","slug":"la-llibreria-a-peu-de-pagina-de-sarria-establiment-collaborador-de-la-setmana-del-voluntariat-per-la-llengua","status":"publish","type":"post","link":"https:\/\/blogs.cpnl.cat\/sarriaambgracia\/?p=4264","title":{"rendered":"La Llibreria A Peu de P\u00e0gina de Sarri\u00e0 establiment col\u00b7laborador de la setmana del Voluntariat per la llengua"},"content":{"rendered":"<p>El CNL de Barcelona du a terme una actuaci\u00f3 per donar suport al comer\u00e7 local en aquests temps dif\u00edcils. Cada dimecres un <span class=\"mark0l7kj517y\" data-markjs=\"true\" data-ogac=\"\" data-ogab=\"\" data-ogsc=\"\" data-ogsb=\"\">comer\u00e7<\/span> col\u00b7laborador del <span class=\"mark2xtauj2kt\" data-markjs=\"true\" data-ogac=\"\" data-ogab=\"\" data-ogsc=\"\" data-ogsb=\"\">VxL<\/span>\u00a0ens mostra els seu establiment, qu\u00e8 s&#8217;hi pot comprar i quines activitats s&#8217;hi duen a terme. Tamb\u00e9 ens presenten una paraula o paraules catalanes relacionades amb el que s&#8217;hi pot trobar.<\/p>\n<p>Aquesta setmana comptem amb la <strong><a href=\"https:\/\/www.apeudepagina.com\/cat\/\">Llibreria A Peu de P\u00e0gina, de Sarri\u00e0. <\/a><\/strong>La Gemma \u00e9s l&#8217;art\u00edfex del caliu de les llibreries de tota la vida que es respira a A Peu de P\u00e0gina, un comer\u00e7 per anar-hi sense pressa i deixar-se recomanar!<\/p>\n<p>L&#8217;<a class=\"_58cn\" href=\"https:\/\/es-es.facebook.com\/hashtag\/establimentvxldelasetmana?__eep__=6&amp;source=feed_text&amp;epa=HASHTAG&amp;__xts__%5B0%5D=68.ARAfujYW5zYJTyrPocdPUNsGIUkdFc2duyI3wa0iHd7639JgICoRyhfadp_g1UTPDQNkU_OVjXkbzYJLPkZcdukruwEGSh2mdq-JxQuZpANgfZxDZsVfQ-v6uT_W8Yd6cTgA5i4-CRIOl7UM-oS8BuXXz_aW2vVm9TU7tQ0ilagJxhlH0MuLn5plOdUDAeGxyBfECUtlz7BIrSikiFGe9H2Pa-Pn3Jpv6NsCs8DaU44TPV09P5ay5kzyTi64hqLmQfKGL9Q1h4gpTAMCZYxr7qYilzwdy6AurO_lRa497KOrzATPf7I_2lMlvbpFJLs67g&amp;__tn__=%2ANK-R\" data-ft=\"{&quot;type&quot;:104,&quot;tn&quot;:&quot;*N&quot;}\"><span class=\"_5afx\"><span class=\"_58cl _5afz\" aria-label=\"hashtag\">#<\/span><span class=\"_58cm\">establimentVxLdelasetmana<\/span><\/span><\/a>\u00a0est\u00e0 plenament integrat en el teixit social i cultural del barri de\u00a0<a class=\"profileLink\" href=\"https:\/\/es-es.facebook.com\/pages\/Distrito-de-Sarri%C3%A1-San-Gervasio\/137210826299052?fref=mentions&amp;__xts__%5B0%5D=68.ARAfujYW5zYJTyrPocdPUNsGIUkdFc2duyI3wa0iHd7639JgICoRyhfadp_g1UTPDQNkU_OVjXkbzYJLPkZcdukruwEGSh2mdq-JxQuZpANgfZxDZsVfQ-v6uT_W8Yd6cTgA5i4-CRIOl7UM-oS8BuXXz_aW2vVm9TU7tQ0ilagJxhlH0MuLn5plOdUDAeGxyBfECUtlz7BIrSikiFGe9H2Pa-Pn3Jpv6NsCs8DaU44TPV09P5ay5kzyTi64hqLmQfKGL9Q1h4gpTAMCZYxr7qYilzwdy6AurO_lRa497KOrzATPf7I_2lMlvbpFJLs67g&amp;__tn__=K-R\">Sarri\u00e0-Sant Gervasi<\/a>\u00a0i, a m\u00e9s a m\u00e9s, pertany a la botiga digital\u00a0<a class=\"profileLink\" href=\"https:\/\/www.facebook.com\/bookshop.org\/?fref=mentions&amp;__xts__%5B0%5D=68.ARAfujYW5zYJTyrPocdPUNsGIUkdFc2duyI3wa0iHd7639JgICoRyhfadp_g1UTPDQNkU_OVjXkbzYJLPkZcdukruwEGSh2mdq-JxQuZpANgfZxDZsVfQ-v6uT_W8Yd6cTgA5i4-CRIOl7UM-oS8BuXXz_aW2vVm9TU7tQ0ilagJxhlH0MuLn5plOdUDAeGxyBfECUtlz7BIrSikiFGe9H2Pa-Pn3Jpv6NsCs8DaU44TPV09P5ay5kzyTi64hqLmQfKGL9Q1h4gpTAMCZYxr7qYilzwdy6AurO_lRa497KOrzATPf7I_2lMlvbpFJLs67g&amp;__tn__=K-R\">Bookshop<\/a>\u00a0<a class=\"_58cn\" href=\"https:\/\/es-es.facebook.com\/hashtag\/ambelcomer%C3%A7bcn?__eep__=6&amp;source=feed_text&amp;epa=HASHTAG&amp;__xts__%5B0%5D=68.ARAfujYW5zYJTyrPocdPUNsGIUkdFc2duyI3wa0iHd7639JgICoRyhfadp_g1UTPDQNkU_OVjXkbzYJLPkZcdukruwEGSh2mdq-JxQuZpANgfZxDZsVfQ-v6uT_W8Yd6cTgA5i4-CRIOl7UM-oS8BuXXz_aW2vVm9TU7tQ0ilagJxhlH0MuLn5plOdUDAeGxyBfECUtlz7BIrSikiFGe9H2Pa-Pn3Jpv6NsCs8DaU44TPV09P5ay5kzyTi64hqLmQfKGL9Q1h4gpTAMCZYxr7qYilzwdy6AurO_lRa497KOrzATPf7I_2lMlvbpFJLs67g&amp;__tn__=%2ANK-R\" data-ft=\"{&quot;type&quot;:104,&quot;tn&quot;:&quot;*N&quot;}\"><span class=\"_5afx\"><span class=\"_58cl _5afz\" aria-label=\"hashtag\">#<\/span><span class=\"_58cm\">ambelcomer\u00e7BCN<\/span><\/span><\/a><\/p>\n<p><a href=\"https:\/\/es-es.facebook.com\/hashtag\/establimentvxldelasetmana?source=feed_text&amp;epa=HASHTAG&amp;__xts__[0]=68.ARAfujYW5zYJTyrPocdPUNsGIUkdFc2duyI3wa0iHd7639JgICoRyhfadp_g1UTPDQNkU_OVjXkbzYJLPkZcdukruwEGSh2mdq-JxQuZpANgfZxDZsVfQ-v6uT_W8Yd6cTgA5i4-CRIOl7UM-oS8BuXXz_aW2vVm9TU7tQ0ilagJxhlH0MuLn5plOdUDAeGxyBfECUtlz7BIrSikiFGe9H2Pa-Pn3Jpv6NsCs8DaU44TPV09P5ay5kzyTi64hqLmQfKGL9Q1h4gpTAMCZYxr7qYilzwdy6AurO_lRa497KOrzATPf7I_2lMlvbpFJLs67g\"><img loading=\"lazy\" decoding=\"async\" class=\"alignnone wp-image-4361\" src=\"https:\/\/blogs.cpnl.cat\/sarriaambgracia\/files\/2021\/06\/Sense-titol-300x169.png\" alt=\"\" width=\"509\" height=\"287\" srcset=\"https:\/\/blogs.cpnl.cat\/sarriaambgracia\/files\/2021\/06\/Sense-titol-300x169.png 300w, https:\/\/blogs.cpnl.cat\/sarriaambgracia\/files\/2021\/06\/Sense-titol.png 760w\" sizes=\"auto, (max-width: 509px) 100vw, 509px\" \/><\/a><\/p>\n<p>Tamb\u00e9 podeu veure el v\u00eddeo a les xarxes socials del CNL de Barcelona:<\/p>\n<p><strong><a href=\"https:\/\/www.instagram.com\/cnlbarcelona\/\">CNL Barcelona Instagram\u00a0<\/a><\/strong><\/p>\n<p><strong><a href=\"https:\/\/ca-es.facebook.com\/CNLBarcelona\">CNL de Barcelona Facebook<\/a><\/strong><\/p>\n<p><strong><a href=\"https:\/\/twitter.com\/CNLBarcelona?ref_src=twsrc%5Egoogle%7Ctwcamp%5Eserp%7Ctwgr%5Eauthor\">CNL de Barcelona Twitter<\/a><\/strong><\/p>\n","protected":false},"excerpt":{"rendered":"<p>El CNL de Barcelona du a terme una actuaci\u00f3 per donar suport al comer\u00e7 local en aquests temps dif\u00edcils. Cada dimecres un comer\u00e7 col\u00b7laborador del VxL\u00a0ens mostra els seu establiment, qu\u00e8 s&#8217;hi pot comprar i quines activitats s&#8217;hi duen a terme. Tamb\u00e9 ens presenten una paraula o paraules catalanes relacionades amb el que s&#8217;hi pot [&hellip;]<\/p>\n","protected":false},"author":527,"featured_media":0,"comment_status":"open","ping_status":"closed","sticky":false,"template":"","format":"standard","meta":{"ngg_post_thumbnail":0,"footnotes":""},"categories":[141011,6],"tags":[],"class_list":["post-4264","post","type-post","status-publish","format-standard","hentry","category-establiments-collaboradors-voluntariat-per-la-llengua","category-general"],"_links":{"self":[{"href":"https:\/\/blogs.cpnl.cat\/sarriaambgracia\/index.php?rest_route=\/wp\/v2\/posts\/4264","targetHints":{"allow":["GET"]}}],"collection":[{"href":"https:\/\/blogs.cpnl.cat\/sarriaambgracia\/index.php?rest_route=\/wp\/v2\/posts"}],"about":[{"href":"https:\/\/blogs.cpnl.cat\/sarriaambgracia\/index.php?rest_route=\/wp\/v2\/types\/post"}],"author":[{"embeddable":true,"href":"https:\/\/blogs.cpnl.cat\/sarriaambgracia\/index.php?rest_route=\/wp\/v2\/users\/527"}],"replies":[{"embeddable":true,"href":"https:\/\/blogs.cpnl.cat\/sarriaambgracia\/index.php?rest_route=%2Fwp%2Fv2%2Fcomments&post=4264"}],"version-history":[{"count":0,"href":"https:\/\/blogs.cpnl.cat\/sarriaambgracia\/index.php?rest_route=\/wp\/v2\/posts\/4264\/revisions"}],"wp:attachment":[{"href":"https:\/\/blogs.cpnl.cat\/sarriaambgracia\/index.php?rest_route=%2Fwp%2Fv2%2Fmedia&parent=4264"}],"wp:term":[{"taxonomy":"category","embeddable":true,"href":"https:\/\/blogs.cpnl.cat\/sarriaambgracia\/index.php?rest_route=%2Fwp%2Fv2%2Fcategories&post=4264"},{"taxonomy":"post_tag","embeddable":true,"href":"https:\/\/blogs.cpnl.cat\/sarriaambgracia\/index.php?rest_route=%2Fwp%2Fv2%2Ftags&post=4264"}],"curies":[{"name":"wp","href":"https:\/\/api.w.org\/{rel}","templated":true}]}}