{"id":4355,"date":"2021-06-23T09:38:40","date_gmt":"2021-06-23T08:38:40","guid":{"rendered":"https:\/\/blogs.cpnl.cat\/sarriaambgracia\/?p=4355"},"modified":"2021-06-23T09:45:53","modified_gmt":"2021-06-23T08:45:53","slug":"del-be-a-la-manta-de-gran-de-gracia-establiment-collaborador-de-la-setmana-del-vxl","status":"publish","type":"post","link":"https:\/\/blogs.cpnl.cat\/sarriaambgracia\/?p=4355","title":{"rendered":"Del be a la manta, de Gran de Gr\u00e0cia, establiment col\u00b7laborador de la setmana del VxL"},"content":{"rendered":"<p><span class=\"css-901oao css-16my406 r-poiln3 r-bcqeeo r-qvutc0\">L&#8217;<\/span><span class=\"r-18u37iz\"><a class=\"css-4rbku5 css-18t94o4 css-901oao css-16my406 r-1n1174f r-1loqt21 r-poiln3 r-bcqeeo r-qvutc0\" dir=\"ltr\" role=\"link\" href=\"https:\/\/twitter.com\/hashtag\/establimentVxLdelasetmana?src=hashtag_click\">#establimentVxLdelasetmana<\/a><\/span><span class=\"css-901oao css-16my406 r-poiln3 r-bcqeeo r-qvutc0\"> \u00e9s <a href=\"https:\/\/www.facebook.com\/delbealamanta\/\"><strong>Del be a la manta<\/strong><\/a>, un comer\u00e7 familiar i emblem\u00e0tic de l&#8217;<\/span><span class=\"r-18u37iz\"><a class=\"css-4rbku5 css-18t94o4 css-901oao css-16my406 r-1n1174f r-1loqt21 r-poiln3 r-bcqeeo r-qvutc0\" dir=\"ltr\" role=\"link\" href=\"https:\/\/twitter.com\/EixGarcia\">@EixGarcia <\/a><\/span>que des de 1952 ofereix teixits de qualitat per a la llar des del cor de <span class=\"r-18u37iz\"><a class=\"css-4rbku5 css-18t94o4 css-901oao css-16my406 r-1n1174f r-1loqt21 r-poiln3 r-bcqeeo r-qvutc0\" dir=\"ltr\" role=\"link\" href=\"https:\/\/twitter.com\/Bcn_Gracia\">@Bcn_Gracia<\/a><\/span><span class=\"css-901oao css-16my406 r-poiln3 r-bcqeeo r-qvutc0\">: tovalloles, coixins&#8230; i v\u00e0noves. Saps qu\u00e8 s\u00f3n? <\/span><span class=\"r-18u37iz\"><a class=\"css-4rbku5 css-18t94o4 css-901oao css-16my406 r-1n1174f r-1loqt21 r-poiln3 r-bcqeeo r-qvutc0\" dir=\"ltr\" role=\"link\" href=\"https:\/\/twitter.com\/hashtag\/ambelcomer%C3%A7BCN?src=hashtag_click\">#ambelcomer\u00e7BCN<\/a><\/span><\/p>\n<p><a href=\"https:\/\/es-es.facebook.com\/CNLBarcelona\/videos\/4267884893278548\/\"><img loading=\"lazy\" decoding=\"async\" class=\"alignnone wp-image-4362\" src=\"https:\/\/blogs.cpnl.cat\/sarriaambgracia\/files\/2021\/06\/Sense-titol-1-300x159.png\" alt=\"\" width=\"506\" height=\"268\" srcset=\"https:\/\/blogs.cpnl.cat\/sarriaambgracia\/files\/2021\/06\/Sense-titol-1-300x159.png 300w, https:\/\/blogs.cpnl.cat\/sarriaambgracia\/files\/2021\/06\/Sense-titol-1-1024x541.png 1024w, https:\/\/blogs.cpnl.cat\/sarriaambgracia\/files\/2021\/06\/Sense-titol-1-768x406.png 768w, https:\/\/blogs.cpnl.cat\/sarriaambgracia\/files\/2021\/06\/Sense-titol-1.png 1296w\" sizes=\"auto, (max-width: 506px) 100vw, 506px\" \/><\/a><\/p>\n<p>Podeu veure els v\u00eddeos a les xarxes socials del CNL de Barcelona:<\/p>\n<p><strong><a href=\"https:\/\/www.instagram.com\/cnlbarcelona\/\">CNL Barcelona Instagram\u00a0<\/a><\/strong><\/p>\n<p><strong><a href=\"https:\/\/ca-es.facebook.com\/CNLBarcelona\">CNL de Barcelona Facebook<\/a><\/strong><\/p>\n<p><strong><a href=\"https:\/\/twitter.com\/CNLBarcelona?ref_src=twsrc%5Egoogle%7Ctwcamp%5Eserp%7Ctwgr%5Eauthor\">CNL de Barcelona Twitter<\/a><\/strong><\/p>\n","protected":false},"excerpt":{"rendered":"<p>L&#8217;#establimentVxLdelasetmana \u00e9s Del be a la manta, un comer\u00e7 familiar i emblem\u00e0tic de l&#8217;@EixGarcia que des de 1952 ofereix teixits de qualitat per a la llar des del cor de @Bcn_Gracia: tovalloles, coixins&#8230; i v\u00e0noves. Saps qu\u00e8 s\u00f3n? #ambelcomer\u00e7BCN Podeu veure els v\u00eddeos a les xarxes socials del CNL de Barcelona: CNL Barcelona Instagram\u00a0 CNL [&hellip;]<\/p>\n","protected":false},"author":527,"featured_media":0,"comment_status":"open","ping_status":"closed","sticky":false,"template":"","format":"standard","meta":{"ngg_post_thumbnail":0,"footnotes":""},"categories":[141011,6],"tags":[],"class_list":["post-4355","post","type-post","status-publish","format-standard","hentry","category-establiments-collaboradors-voluntariat-per-la-llengua","category-general"],"_links":{"self":[{"href":"https:\/\/blogs.cpnl.cat\/sarriaambgracia\/index.php?rest_route=\/wp\/v2\/posts\/4355","targetHints":{"allow":["GET"]}}],"collection":[{"href":"https:\/\/blogs.cpnl.cat\/sarriaambgracia\/index.php?rest_route=\/wp\/v2\/posts"}],"about":[{"href":"https:\/\/blogs.cpnl.cat\/sarriaambgracia\/index.php?rest_route=\/wp\/v2\/types\/post"}],"author":[{"embeddable":true,"href":"https:\/\/blogs.cpnl.cat\/sarriaambgracia\/index.php?rest_route=\/wp\/v2\/users\/527"}],"replies":[{"embeddable":true,"href":"https:\/\/blogs.cpnl.cat\/sarriaambgracia\/index.php?rest_route=%2Fwp%2Fv2%2Fcomments&post=4355"}],"version-history":[{"count":0,"href":"https:\/\/blogs.cpnl.cat\/sarriaambgracia\/index.php?rest_route=\/wp\/v2\/posts\/4355\/revisions"}],"wp:attachment":[{"href":"https:\/\/blogs.cpnl.cat\/sarriaambgracia\/index.php?rest_route=%2Fwp%2Fv2%2Fmedia&parent=4355"}],"wp:term":[{"taxonomy":"category","embeddable":true,"href":"https:\/\/blogs.cpnl.cat\/sarriaambgracia\/index.php?rest_route=%2Fwp%2Fv2%2Fcategories&post=4355"},{"taxonomy":"post_tag","embeddable":true,"href":"https:\/\/blogs.cpnl.cat\/sarriaambgracia\/index.php?rest_route=%2Fwp%2Fv2%2Ftags&post=4355"}],"curies":[{"name":"wp","href":"https:\/\/api.w.org\/{rel}","templated":true}]}}