{"id":4358,"date":"2021-06-16T11:59:04","date_gmt":"2021-06-16T10:59:04","guid":{"rendered":"https:\/\/blogs.cpnl.cat\/sarriaambgracia\/?p=4358"},"modified":"2021-06-17T07:27:26","modified_gmt":"2021-06-17T06:27:26","slug":"festivals-estivals-de-musica-folk-destiu","status":"publish","type":"post","link":"https:\/\/blogs.cpnl.cat\/sarriaambgracia\/?p=4358","title":{"rendered":"Festivals estivals de m\u00fasica folk d&#8217;estiu"},"content":{"rendered":"<p><strong>El FIMPT ha presentat la 40 edici\u00f3 en roda de premsa al CAT Tradicion\u00e0rius.<\/strong><\/p>\n<p>Vilanova i la Geltr\u00fa celebrar\u00e0 la\u00a040a\u00a0edici\u00f3 del\u00a0FIMPT\u00a0amb una edici\u00f3 de rellan\u00e7ament que vol ressituar el festival arreu del pa\u00eds i tamb\u00e9\u00a0internacionalment, i que l&#8217;any passat es va haver d&#8217;ajornar a causa de la situaci\u00f3 sanit\u00e0ria.<\/p>\n<p><em>Almanac, 40 anys<\/em>\u00a0formar\u00e0 part de la programaci\u00f3 i d&#8217;aquesta manera recordaran a Jordi F\u00e0bregas,\u00a0un\u00a0dels art\u00edfexs\u00a0de la recuperaci\u00f3 de la m\u00fasica popular catalana.<\/p>\n<p>Consulteu la programaci\u00f3 a\u00a0<a href=\"https:\/\/tradicionarius.us5.list-manage.com\/track\/click?u=5561472cf131ee3fc1dc12b58&amp;id=cb8e0ad4a1&amp;e=1bf9245ce1\" target=\"_blank\" rel=\"noopener noreferrer\" data-auth=\"NotApplicable\" data-linkindex=\"3\">www.fimpt.cat.<\/a><\/p>\n","protected":false},"excerpt":{"rendered":"<p>El FIMPT ha presentat la 40 edici\u00f3 en roda de premsa al CAT Tradicion\u00e0rius. Vilanova i la Geltr\u00fa celebrar\u00e0 la\u00a040a\u00a0edici\u00f3 del\u00a0FIMPT\u00a0amb una edici\u00f3 de rellan\u00e7ament que vol ressituar el festival arreu del pa\u00eds i tamb\u00e9\u00a0internacionalment, i que l&#8217;any passat es va haver d&#8217;ajornar a causa de la situaci\u00f3 sanit\u00e0ria. Almanac, 40 anys\u00a0formar\u00e0 part de la [&hellip;]<\/p>\n","protected":false},"author":527,"featured_media":0,"comment_status":"open","ping_status":"closed","sticky":false,"template":"","format":"standard","meta":{"ngg_post_thumbnail":0,"footnotes":""},"categories":[6],"tags":[],"class_list":["post-4358","post","type-post","status-publish","format-standard","hentry","category-general"],"_links":{"self":[{"href":"https:\/\/blogs.cpnl.cat\/sarriaambgracia\/index.php?rest_route=\/wp\/v2\/posts\/4358","targetHints":{"allow":["GET"]}}],"collection":[{"href":"https:\/\/blogs.cpnl.cat\/sarriaambgracia\/index.php?rest_route=\/wp\/v2\/posts"}],"about":[{"href":"https:\/\/blogs.cpnl.cat\/sarriaambgracia\/index.php?rest_route=\/wp\/v2\/types\/post"}],"author":[{"embeddable":true,"href":"https:\/\/blogs.cpnl.cat\/sarriaambgracia\/index.php?rest_route=\/wp\/v2\/users\/527"}],"replies":[{"embeddable":true,"href":"https:\/\/blogs.cpnl.cat\/sarriaambgracia\/index.php?rest_route=%2Fwp%2Fv2%2Fcomments&post=4358"}],"version-history":[{"count":0,"href":"https:\/\/blogs.cpnl.cat\/sarriaambgracia\/index.php?rest_route=\/wp\/v2\/posts\/4358\/revisions"}],"wp:attachment":[{"href":"https:\/\/blogs.cpnl.cat\/sarriaambgracia\/index.php?rest_route=%2Fwp%2Fv2%2Fmedia&parent=4358"}],"wp:term":[{"taxonomy":"category","embeddable":true,"href":"https:\/\/blogs.cpnl.cat\/sarriaambgracia\/index.php?rest_route=%2Fwp%2Fv2%2Fcategories&post=4358"},{"taxonomy":"post_tag","embeddable":true,"href":"https:\/\/blogs.cpnl.cat\/sarriaambgracia\/index.php?rest_route=%2Fwp%2Fv2%2Ftags&post=4358"}],"curies":[{"name":"wp","href":"https:\/\/api.w.org\/{rel}","templated":true}]}}