{"id":4516,"date":"2022-03-10T11:23:32","date_gmt":"2022-03-10T10:23:32","guid":{"rendered":"https:\/\/blogs.cpnl.cat\/sarriaambgracia\/?p=4516"},"modified":"2022-03-14T09:10:08","modified_gmt":"2022-03-14T08:10:08","slug":"sessions-sobre-llenguatge-inclusiu-per-commemorar-el-dia-internacional-de-la-dona","status":"publish","type":"post","link":"https:\/\/blogs.cpnl.cat\/sarriaambgracia\/?p=4516","title":{"rendered":"Sessions a Gr\u00e0cia i Sarri\u00e0 sobre llenguatge inclusiu per commemorar el Dia Internacional de la Dona"},"content":{"rendered":"<p>El dimecres 9 de mar\u00e7 a la tarda van tenir lloc dues sessions de reflexi\u00f3 sobre l&#8217;\u00fas del llenguatge no sexista. Una sessi\u00f3 es va dur a terme a la Biblioteca Vila de Gr\u00e0cia i l&#8217;altra a l&#8217;Espai Putget.<\/p>\n<p><img loading=\"lazy\" decoding=\"async\" class=\"\" src=\"https:\/\/s3-media3.fl.yelpcdn.com\/bphoto\/ab2B7NmHwGh9eiT5emF3Rg\/ls.jpg\" alt=\"Mostra la imatge original\" width=\"166\" height=\"166\" \/> <img loading=\"lazy\" decoding=\"async\" class=\"\" src=\"https:\/\/diarieljardi.cat\/wp-content\/uploads\/2020\/08\/Casal_Putxet_web.jpg\" alt=\"Mostra la imatge original\" width=\"236\" height=\"168\" \/><\/p>\n<p>En la xerrada es va reflexionar sobre el sexisme en el llenguatge, es va presentar la\u00a0<em>Guia d\u2019usos no sexistes de la Generalitat de Catalunya<\/em>\u00a0i es van oferir estrat\u00e8gies de visibilitzaci\u00f3 de la dona per redactar textos formals i p\u00fablics igualitaris\u00a0<span class=\"TextRun SCXW239359232 BCX0\" lang=\"CA-ES\" xml:lang=\"CA-ES\" data-contrast=\"auto\"><span class=\"NormalTextRun SCXW239359232 BCX0\">que es mantinguin dins el sistema gramatical de la llengua en concordan\u00e7a amb l\u2019economia ling<\/span><\/span><span class=\"TextRun SCXW239359232 BCX0\" lang=\"CA-ES\" xml:lang=\"CA-ES\" data-contrast=\"auto\"><span class=\"NormalTextRun SCXW239359232 BCX0\">\u00fc<\/span><\/span><span class=\"TextRun SCXW239359232 BCX0\" lang=\"CA-ES\" xml:lang=\"CA-ES\" data-contrast=\"auto\"><span class=\"NormalTextRun SCXW239359232 BCX0\">\u00edstica.\u00a0<\/span><\/span>Les persones assistents van participar-hi activament fent preguntes i donant la seva opini\u00f3.<\/p>\n<p>&nbsp;<\/p>\n","protected":false},"excerpt":{"rendered":"<p>El dimecres 9 de mar\u00e7 a la tarda van tenir lloc dues sessions de reflexi\u00f3 sobre l&#8217;\u00fas del llenguatge no sexista. Una sessi\u00f3 es va dur a terme a la Biblioteca Vila de Gr\u00e0cia i l&#8217;altra a l&#8217;Espai Putget. En la xerrada es va reflexionar sobre el sexisme en el llenguatge, es va presentar la\u00a0Guia [&hellip;]<\/p>\n","protected":false},"author":527,"featured_media":0,"comment_status":"open","ping_status":"closed","sticky":false,"template":"","format":"standard","meta":{"ngg_post_thumbnail":0,"footnotes":""},"categories":[6],"tags":[],"class_list":["post-4516","post","type-post","status-publish","format-standard","hentry","category-general"],"_links":{"self":[{"href":"https:\/\/blogs.cpnl.cat\/sarriaambgracia\/index.php?rest_route=\/wp\/v2\/posts\/4516","targetHints":{"allow":["GET"]}}],"collection":[{"href":"https:\/\/blogs.cpnl.cat\/sarriaambgracia\/index.php?rest_route=\/wp\/v2\/posts"}],"about":[{"href":"https:\/\/blogs.cpnl.cat\/sarriaambgracia\/index.php?rest_route=\/wp\/v2\/types\/post"}],"author":[{"embeddable":true,"href":"https:\/\/blogs.cpnl.cat\/sarriaambgracia\/index.php?rest_route=\/wp\/v2\/users\/527"}],"replies":[{"embeddable":true,"href":"https:\/\/blogs.cpnl.cat\/sarriaambgracia\/index.php?rest_route=%2Fwp%2Fv2%2Fcomments&post=4516"}],"version-history":[{"count":0,"href":"https:\/\/blogs.cpnl.cat\/sarriaambgracia\/index.php?rest_route=\/wp\/v2\/posts\/4516\/revisions"}],"wp:attachment":[{"href":"https:\/\/blogs.cpnl.cat\/sarriaambgracia\/index.php?rest_route=%2Fwp%2Fv2%2Fmedia&parent=4516"}],"wp:term":[{"taxonomy":"category","embeddable":true,"href":"https:\/\/blogs.cpnl.cat\/sarriaambgracia\/index.php?rest_route=%2Fwp%2Fv2%2Fcategories&post=4516"},{"taxonomy":"post_tag","embeddable":true,"href":"https:\/\/blogs.cpnl.cat\/sarriaambgracia\/index.php?rest_route=%2Fwp%2Fv2%2Ftags&post=4516"}],"curies":[{"name":"wp","href":"https:\/\/api.w.org\/{rel}","templated":true}]}}