{"id":4738,"date":"2022-11-30T08:52:30","date_gmt":"2022-11-30T07:52:30","guid":{"rendered":"https:\/\/blogs.cpnl.cat\/sarriaambgracia\/?p=4738"},"modified":"2022-11-30T11:23:55","modified_gmt":"2022-11-30T10:23:55","slug":"no-em-canviis-la-llengua","status":"publish","type":"post","link":"https:\/\/blogs.cpnl.cat\/sarriaambgracia\/?p=4738","title":{"rendered":"No em canvi\u00efs la llengua"},"content":{"rendered":"<p>Una quinzena d&#8217;alumnes de la Delegaci\u00f3 de Gr\u00e0cia i Sarri\u00e0-Sant Gervasi van assistir el 29 de novembre a la xerrada &#8220;No em canvi\u00efs de llengua&#8221;, que va tenir lloc a la Casa Elizalde i que va comptar amb la impulsora de la campanya, Rosario Palomino, i Toni Alb\u00e0, Aleix Reny\u00e9s i Carme Sansa, personalitats que li han donat suport.<\/p>\n<p>&#8220;No em canvi\u00efs la llengua, que si no, no l&#8217;aprendr\u00e9 mai&#8221;. Us ha passat mai que quan us adreceu a una persona que sospiteu que no \u00e9s nascuda a Catalunya autom\u00e0ticament canvieu de llengua i li parleu en castell\u00e0, per si no us ent\u00e9n? Amb aquesta campanya es vol incentivar que els parlants nadius no canvi\u00efn la llengua, i tamb\u00e9 s\u2019adre\u00e7a a les persones d\u2019origen estranger per transmetre\u2019ls que, si els passa, no s\u2019ho prenguin com un acte de rebuig, perqu\u00e8 en el fons \u00e9s un gest d\u2019acolliment.<\/p>\n<p>A l\u2019activitat tamb\u00e9 hi van participar quatre alumnes dels cursos de catal\u00e0: l\u2019Anwar, d\u2019Egipte; l\u2019Ayal\u00e9n, de l\u2019Argentina; el David, del Per\u00fa, i el Daniel, de Vene\u00e7uela i els Estats Units. A m\u00e9s, tamb\u00e9 hi van intervenir Al Mansoor, del Pakistan, que regenta un establiment col\u00b7laborador de Voluntariat per la llengua; Sunia, exalumna dels cursos de catal\u00e0 i personal administratiu del CNL de Barcelona, i Antoneta, exalumna i professora actualment del CNL de Barcelona.<\/p>\n<p><img loading=\"lazy\" decoding=\"async\" class=\"alignnone wp-image-4739\" src=\"https:\/\/blogs.cpnl.cat\/sarriaambgracia\/files\/2022\/11\/1669797168735-300x225.jpg\" alt=\"\" width=\"339\" height=\"254\" srcset=\"https:\/\/blogs.cpnl.cat\/sarriaambgracia\/files\/2022\/11\/1669797168735-300x225.jpg 300w, https:\/\/blogs.cpnl.cat\/sarriaambgracia\/files\/2022\/11\/1669797168735-1024x768.jpg 1024w, https:\/\/blogs.cpnl.cat\/sarriaambgracia\/files\/2022\/11\/1669797168735-768x576.jpg 768w, https:\/\/blogs.cpnl.cat\/sarriaambgracia\/files\/2022\/11\/1669797168735-1536x1152.jpg 1536w, https:\/\/blogs.cpnl.cat\/sarriaambgracia\/files\/2022\/11\/1669797168735.jpg 1600w\" sizes=\"auto, (max-width: 339px) 100vw, 339px\" \/><\/p>\n","protected":false},"excerpt":{"rendered":"<p>Una quinzena d&#8217;alumnes de la Delegaci\u00f3 de Gr\u00e0cia i Sarri\u00e0-Sant Gervasi van assistir el 29 de novembre a la xerrada &#8220;No em canvi\u00efs de llengua&#8221;, que va tenir lloc a la Casa Elizalde i que va comptar amb la impulsora de la campanya, Rosario Palomino, i Toni Alb\u00e0, Aleix Reny\u00e9s i Carme Sansa, personalitats que [&hellip;]<\/p>\n","protected":false},"author":527,"featured_media":0,"comment_status":"open","ping_status":"closed","sticky":false,"template":"","format":"standard","meta":{"ngg_post_thumbnail":0,"footnotes":""},"categories":[6],"tags":[],"class_list":["post-4738","post","type-post","status-publish","format-standard","hentry","category-general"],"_links":{"self":[{"href":"https:\/\/blogs.cpnl.cat\/sarriaambgracia\/index.php?rest_route=\/wp\/v2\/posts\/4738","targetHints":{"allow":["GET"]}}],"collection":[{"href":"https:\/\/blogs.cpnl.cat\/sarriaambgracia\/index.php?rest_route=\/wp\/v2\/posts"}],"about":[{"href":"https:\/\/blogs.cpnl.cat\/sarriaambgracia\/index.php?rest_route=\/wp\/v2\/types\/post"}],"author":[{"embeddable":true,"href":"https:\/\/blogs.cpnl.cat\/sarriaambgracia\/index.php?rest_route=\/wp\/v2\/users\/527"}],"replies":[{"embeddable":true,"href":"https:\/\/blogs.cpnl.cat\/sarriaambgracia\/index.php?rest_route=%2Fwp%2Fv2%2Fcomments&post=4738"}],"version-history":[{"count":0,"href":"https:\/\/blogs.cpnl.cat\/sarriaambgracia\/index.php?rest_route=\/wp\/v2\/posts\/4738\/revisions"}],"wp:attachment":[{"href":"https:\/\/blogs.cpnl.cat\/sarriaambgracia\/index.php?rest_route=%2Fwp%2Fv2%2Fmedia&parent=4738"}],"wp:term":[{"taxonomy":"category","embeddable":true,"href":"https:\/\/blogs.cpnl.cat\/sarriaambgracia\/index.php?rest_route=%2Fwp%2Fv2%2Fcategories&post=4738"},{"taxonomy":"post_tag","embeddable":true,"href":"https:\/\/blogs.cpnl.cat\/sarriaambgracia\/index.php?rest_route=%2Fwp%2Fv2%2Ftags&post=4738"}],"curies":[{"name":"wp","href":"https:\/\/api.w.org\/{rel}","templated":true}]}}