{"id":4749,"date":"2022-12-14T13:52:10","date_gmt":"2022-12-14T12:52:10","guid":{"rendered":"https:\/\/blogs.cpnl.cat\/sarriaambgracia\/?p=4749"},"modified":"2022-12-15T13:59:25","modified_gmt":"2022-12-15T12:59:25","slug":"taller-de-teatre-amb-els-usuaris-de-la-fundacio-barcelona-actua","status":"publish","type":"post","link":"https:\/\/blogs.cpnl.cat\/sarriaambgracia\/?p=4749","title":{"rendered":"Taller de teatre amb els usuaris de la Fundaci\u00f3 Barcelona Actua"},"content":{"rendered":"<p>Els dies 15, 22 i 29 de novembre s&#8217;ha fet un taller d&#8217;expressi\u00f3 teatral de tres sessions d\u2019una hora i mitja de durada amb dos grups d\u2019aprenents de catal\u00e0 de nivell inicial usuaris de la Fundaci\u00f3 Barcelona Actua, condu\u00eft per Teresa Puig, directora del Taller de Contes de Gr\u00e0cia. L&#8217;objectiu del taller ha estat fomentar l\u2019\u00fas del catal\u00e0 oral.<\/p>\n<p>La celebraci\u00f3 de les festes de Nadal ha estat el motiu fonamental per explicar un conte, una celebraci\u00f3 o una tradici\u00f3 dels seus diferents pa\u00efsos d\u2019origen i provocar que hi hagu\u00e9s un intercanvi oral entre els aprenents, amb la complicitat dels voluntaris que els fan de monitors, en un entorn l\u00fadic i dist\u00e8s. El dia 7 de desembre es va posar en pr\u00e0ctica el que havien preparat.<\/p>\n<p>El projecte ha estat molt profit\u00f3s i ha servit per donar eines als participants i als voluntaris que hi han participat, la qual cosa permetr\u00e0 donar-hi continu\u00eftat d&#8217;ara endavant.<\/p>\n<div><\/div>\n<p><img loading=\"lazy\" decoding=\"async\" class=\"alignnone wp-image-4752\" src=\"https:\/\/blogs.cpnl.cat\/sarriaambgracia\/files\/2022\/12\/1671006254241-300x225.jpg\" alt=\"\" width=\"404\" height=\"303\" srcset=\"https:\/\/blogs.cpnl.cat\/sarriaambgracia\/files\/2022\/12\/1671006254241-300x225.jpg 300w, https:\/\/blogs.cpnl.cat\/sarriaambgracia\/files\/2022\/12\/1671006254241-1024x768.jpg 1024w, https:\/\/blogs.cpnl.cat\/sarriaambgracia\/files\/2022\/12\/1671006254241-768x576.jpg 768w, https:\/\/blogs.cpnl.cat\/sarriaambgracia\/files\/2022\/12\/1671006254241-1536x1152.jpg 1536w, https:\/\/blogs.cpnl.cat\/sarriaambgracia\/files\/2022\/12\/1671006254241.jpg 2048w\" sizes=\"auto, (max-width: 404px) 100vw, 404px\" \/><\/p>\n<p><img loading=\"lazy\" decoding=\"async\" class=\"alignnone wp-image-4750\" src=\"https:\/\/blogs.cpnl.cat\/sarriaambgracia\/files\/2022\/12\/1671005793746-267x300.jpg\" alt=\"\" width=\"218\" height=\"245\" srcset=\"https:\/\/blogs.cpnl.cat\/sarriaambgracia\/files\/2022\/12\/1671005793746-267x300.jpg 267w, https:\/\/blogs.cpnl.cat\/sarriaambgracia\/files\/2022\/12\/1671005793746-912x1024.jpg 912w, https:\/\/blogs.cpnl.cat\/sarriaambgracia\/files\/2022\/12\/1671005793746-768x862.jpg 768w, https:\/\/blogs.cpnl.cat\/sarriaambgracia\/files\/2022\/12\/1671005793746.jpg 916w\" sizes=\"auto, (max-width: 218px) 100vw, 218px\" \/> <img loading=\"lazy\" decoding=\"async\" class=\"alignnone wp-image-4751\" src=\"https:\/\/blogs.cpnl.cat\/sarriaambgracia\/files\/2022\/12\/1671005793751-269x300.jpg\" alt=\"\" width=\"218\" height=\"243\" srcset=\"https:\/\/blogs.cpnl.cat\/sarriaambgracia\/files\/2022\/12\/1671005793751-269x300.jpg 269w, https:\/\/blogs.cpnl.cat\/sarriaambgracia\/files\/2022\/12\/1671005793751-917x1024.jpg 917w, https:\/\/blogs.cpnl.cat\/sarriaambgracia\/files\/2022\/12\/1671005793751-768x858.jpg 768w, https:\/\/blogs.cpnl.cat\/sarriaambgracia\/files\/2022\/12\/1671005793751.jpg 921w\" sizes=\"auto, (max-width: 218px) 100vw, 218px\" \/><\/p>\n","protected":false},"excerpt":{"rendered":"<p>Els dies 15, 22 i 29 de novembre s&#8217;ha fet un taller d&#8217;expressi\u00f3 teatral de tres sessions d\u2019una hora i mitja de durada amb dos grups d\u2019aprenents de catal\u00e0 de nivell inicial usuaris de la Fundaci\u00f3 Barcelona Actua, condu\u00eft per Teresa Puig, directora del Taller de Contes de Gr\u00e0cia. L&#8217;objectiu del taller ha estat fomentar [&hellip;]<\/p>\n","protected":false},"author":527,"featured_media":0,"comment_status":"open","ping_status":"closed","sticky":false,"template":"","format":"standard","meta":{"ngg_post_thumbnail":0,"footnotes":""},"categories":[6],"tags":[],"class_list":["post-4749","post","type-post","status-publish","format-standard","hentry","category-general"],"_links":{"self":[{"href":"https:\/\/blogs.cpnl.cat\/sarriaambgracia\/index.php?rest_route=\/wp\/v2\/posts\/4749","targetHints":{"allow":["GET"]}}],"collection":[{"href":"https:\/\/blogs.cpnl.cat\/sarriaambgracia\/index.php?rest_route=\/wp\/v2\/posts"}],"about":[{"href":"https:\/\/blogs.cpnl.cat\/sarriaambgracia\/index.php?rest_route=\/wp\/v2\/types\/post"}],"author":[{"embeddable":true,"href":"https:\/\/blogs.cpnl.cat\/sarriaambgracia\/index.php?rest_route=\/wp\/v2\/users\/527"}],"replies":[{"embeddable":true,"href":"https:\/\/blogs.cpnl.cat\/sarriaambgracia\/index.php?rest_route=%2Fwp%2Fv2%2Fcomments&post=4749"}],"version-history":[{"count":0,"href":"https:\/\/blogs.cpnl.cat\/sarriaambgracia\/index.php?rest_route=\/wp\/v2\/posts\/4749\/revisions"}],"wp:attachment":[{"href":"https:\/\/blogs.cpnl.cat\/sarriaambgracia\/index.php?rest_route=%2Fwp%2Fv2%2Fmedia&parent=4749"}],"wp:term":[{"taxonomy":"category","embeddable":true,"href":"https:\/\/blogs.cpnl.cat\/sarriaambgracia\/index.php?rest_route=%2Fwp%2Fv2%2Fcategories&post=4749"},{"taxonomy":"post_tag","embeddable":true,"href":"https:\/\/blogs.cpnl.cat\/sarriaambgracia\/index.php?rest_route=%2Fwp%2Fv2%2Ftags&post=4749"}],"curies":[{"name":"wp","href":"https:\/\/api.w.org\/{rel}","templated":true}]}}