{"id":4777,"date":"2023-01-09T08:34:25","date_gmt":"2023-01-09T07:34:25","guid":{"rendered":"https:\/\/blogs.cpnl.cat\/sarriaambgracia\/?p=4777"},"modified":"2023-01-09T08:39:17","modified_gmt":"2023-01-09T07:39:17","slug":"club-de-lectura-de-llengua-catalana-de-nivell-basic-de-la-biblioteca-vila-de-gracia-7","status":"publish","type":"post","link":"https:\/\/blogs.cpnl.cat\/sarriaambgracia\/?p=4777","title":{"rendered":"Club de lectura de llengua catalana de nivell b\u00e0sic de la Biblioteca Vila de Gr\u00e0cia"},"content":{"rendered":"<p>El divendres <strong>13 de gener, a les 12 h,<\/strong> tindr\u00e0 lloc una nova sessi\u00f3 del club de lectura de llengua catalana de nivell b\u00e0sic de la Biblioteca Vila de Gr\u00e0cia, en qu\u00e8 es comentar\u00e0 l\u2019obra <em>No estem mai sols: con\u00e9ixer Miquel Mart\u00ed i Pol,<\/em>\u00a0de Carme P\u00e9rez.<\/p>\n<p>Per participar-hi cal fer la inscripci\u00f3 al\u00a0<a class=\"external\" href=\"https:\/\/ajuntament.barcelona.cat\/biblioteques\/es\/canal\/llengua-catalana-nivell-b%C3%A0sic\" target=\"_blank\" rel=\"external noopener\">web de la biblioteca<\/a>.<\/p>\n<p><img loading=\"lazy\" decoding=\"async\" class=\"\" src=\"https:\/\/www.cpnl.cat\/media\/upload\/cache\/No_estem_mai_sols_Miquel_M_Poljpg190x274_q85_1671110373.jpg\" width=\"166\" height=\"229\" \/><\/p>\n","protected":false},"excerpt":{"rendered":"<p>El divendres 13 de gener, a les 12 h, tindr\u00e0 lloc una nova sessi\u00f3 del club de lectura de llengua catalana de nivell b\u00e0sic de la Biblioteca Vila de Gr\u00e0cia, en qu\u00e8 es comentar\u00e0 l\u2019obra No estem mai sols: con\u00e9ixer Miquel Mart\u00ed i Pol,\u00a0de Carme P\u00e9rez. Per participar-hi cal fer la inscripci\u00f3 al\u00a0web de la [&hellip;]<\/p>\n","protected":false},"author":527,"featured_media":0,"comment_status":"open","ping_status":"closed","sticky":false,"template":"","format":"standard","meta":{"ngg_post_thumbnail":0,"footnotes":""},"categories":[140808],"tags":[],"class_list":["post-4777","post","type-post","status-publish","format-standard","hentry","category-activitats-literaries-i-trobades-amb-autors"],"_links":{"self":[{"href":"https:\/\/blogs.cpnl.cat\/sarriaambgracia\/index.php?rest_route=\/wp\/v2\/posts\/4777","targetHints":{"allow":["GET"]}}],"collection":[{"href":"https:\/\/blogs.cpnl.cat\/sarriaambgracia\/index.php?rest_route=\/wp\/v2\/posts"}],"about":[{"href":"https:\/\/blogs.cpnl.cat\/sarriaambgracia\/index.php?rest_route=\/wp\/v2\/types\/post"}],"author":[{"embeddable":true,"href":"https:\/\/blogs.cpnl.cat\/sarriaambgracia\/index.php?rest_route=\/wp\/v2\/users\/527"}],"replies":[{"embeddable":true,"href":"https:\/\/blogs.cpnl.cat\/sarriaambgracia\/index.php?rest_route=%2Fwp%2Fv2%2Fcomments&post=4777"}],"version-history":[{"count":0,"href":"https:\/\/blogs.cpnl.cat\/sarriaambgracia\/index.php?rest_route=\/wp\/v2\/posts\/4777\/revisions"}],"wp:attachment":[{"href":"https:\/\/blogs.cpnl.cat\/sarriaambgracia\/index.php?rest_route=%2Fwp%2Fv2%2Fmedia&parent=4777"}],"wp:term":[{"taxonomy":"category","embeddable":true,"href":"https:\/\/blogs.cpnl.cat\/sarriaambgracia\/index.php?rest_route=%2Fwp%2Fv2%2Fcategories&post=4777"},{"taxonomy":"post_tag","embeddable":true,"href":"https:\/\/blogs.cpnl.cat\/sarriaambgracia\/index.php?rest_route=%2Fwp%2Fv2%2Ftags&post=4777"}],"curies":[{"name":"wp","href":"https:\/\/api.w.org\/{rel}","templated":true}]}}