{"id":4778,"date":"2023-04-11T07:00:23","date_gmt":"2023-04-11T06:00:23","guid":{"rendered":"https:\/\/blogs.cpnl.cat\/sarriaambgracia\/?p=4778"},"modified":"2023-04-11T08:44:48","modified_gmt":"2023-04-11T07:44:48","slug":"taller-de-microrelats-en-catala","status":"publish","type":"post","link":"https:\/\/blogs.cpnl.cat\/sarriaambgracia\/?p=4778","title":{"rendered":"Taller de microrelats en catal\u00e0"},"content":{"rendered":"<p><span style=\"color: #333399;\"><strong>Dimecres 19 d&#8217;abril, de 17 a 18.30 h, a l&#8217;Espai Putxet<\/strong><\/span><\/p>\n<p><img loading=\"lazy\" decoding=\"async\" class=\" wp-image-4806 alignleft\" src=\"https:\/\/blogs.cpnl.cat\/sarriaambgracia\/files\/2023\/01\/Crea-el-teu-microrelat-en-catala-212x300.png\" alt=\"\" width=\"187\" height=\"265\" srcset=\"https:\/\/blogs.cpnl.cat\/sarriaambgracia\/files\/2023\/01\/Crea-el-teu-microrelat-en-catala-212x300.png 212w, https:\/\/blogs.cpnl.cat\/sarriaambgracia\/files\/2023\/01\/Crea-el-teu-microrelat-en-catala-724x1024.png 724w, https:\/\/blogs.cpnl.cat\/sarriaambgracia\/files\/2023\/01\/Crea-el-teu-microrelat-en-catala-768x1086.png 768w, https:\/\/blogs.cpnl.cat\/sarriaambgracia\/files\/2023\/01\/Crea-el-teu-microrelat-en-catala-1086x1536.png 1086w, https:\/\/blogs.cpnl.cat\/sarriaambgracia\/files\/2023\/01\/Crea-el-teu-microrelat-en-catala-1448x2048.png 1448w, https:\/\/blogs.cpnl.cat\/sarriaambgracia\/files\/2023\/01\/Crea-el-teu-microrelat-en-catala.png 1587w\" sizes=\"auto, (max-width: 187px) 100vw, 187px\" \/><\/p>\n<p>&nbsp;<\/p>\n<p>Taller gratu\u00eft i obert a tothom a qui li agradi escriure, que vulgui explorar el m\u00f3n dels microrelats i crear-ne d&#8217;originals, entenedors i en catal\u00e0.<\/p>\n<p>Les inscripcions es poden fer directament al c\/ Marmell\u00e0, 13. Tel.: 934 186 035<\/p>\n<p>A c\u00e0rrec del Centre de Normalitzaci\u00f3 Ling\u00fc\u00edstica de Barcelona-Delegaci\u00f3 de Gr\u00e0cia i Sarri\u00e0-Sant Gervasi<\/p>\n<p>&nbsp;<\/p>\n<p>&nbsp;<\/p>\n","protected":false},"excerpt":{"rendered":"<p>Dimecres 19 d&#8217;abril, de 17 a 18.30 h, a l&#8217;Espai Putxet &nbsp; Taller gratu\u00eft i obert a tothom a qui li agradi escriure, que vulgui explorar el m\u00f3n dels microrelats i crear-ne d&#8217;originals, entenedors i en catal\u00e0. Les inscripcions es poden fer directament al c\/ Marmell\u00e0, 13. Tel.: 934 186 035 A c\u00e0rrec del Centre [&hellip;]<\/p>\n","protected":false},"author":527,"featured_media":0,"comment_status":"open","ping_status":"closed","sticky":false,"template":"","format":"standard","meta":{"ngg_post_thumbnail":0,"footnotes":""},"categories":[140808,6],"tags":[],"class_list":["post-4778","post","type-post","status-publish","format-standard","hentry","category-activitats-literaries-i-trobades-amb-autors","category-general"],"_links":{"self":[{"href":"https:\/\/blogs.cpnl.cat\/sarriaambgracia\/index.php?rest_route=\/wp\/v2\/posts\/4778","targetHints":{"allow":["GET"]}}],"collection":[{"href":"https:\/\/blogs.cpnl.cat\/sarriaambgracia\/index.php?rest_route=\/wp\/v2\/posts"}],"about":[{"href":"https:\/\/blogs.cpnl.cat\/sarriaambgracia\/index.php?rest_route=\/wp\/v2\/types\/post"}],"author":[{"embeddable":true,"href":"https:\/\/blogs.cpnl.cat\/sarriaambgracia\/index.php?rest_route=\/wp\/v2\/users\/527"}],"replies":[{"embeddable":true,"href":"https:\/\/blogs.cpnl.cat\/sarriaambgracia\/index.php?rest_route=%2Fwp%2Fv2%2Fcomments&post=4778"}],"version-history":[{"count":0,"href":"https:\/\/blogs.cpnl.cat\/sarriaambgracia\/index.php?rest_route=\/wp\/v2\/posts\/4778\/revisions"}],"wp:attachment":[{"href":"https:\/\/blogs.cpnl.cat\/sarriaambgracia\/index.php?rest_route=%2Fwp%2Fv2%2Fmedia&parent=4778"}],"wp:term":[{"taxonomy":"category","embeddable":true,"href":"https:\/\/blogs.cpnl.cat\/sarriaambgracia\/index.php?rest_route=%2Fwp%2Fv2%2Fcategories&post=4778"},{"taxonomy":"post_tag","embeddable":true,"href":"https:\/\/blogs.cpnl.cat\/sarriaambgracia\/index.php?rest_route=%2Fwp%2Fv2%2Ftags&post=4778"}],"curies":[{"name":"wp","href":"https:\/\/api.w.org\/{rel}","templated":true}]}}