{"id":4782,"date":"2023-04-11T06:57:55","date_gmt":"2023-04-11T05:57:55","guid":{"rendered":"https:\/\/blogs.cpnl.cat\/sarriaambgracia\/?p=4782"},"modified":"2023-04-11T08:45:50","modified_gmt":"2023-04-11T07:45:50","slug":"saps-que-es-el-voluntariat-per-la-llengua","status":"publish","type":"post","link":"https:\/\/blogs.cpnl.cat\/sarriaambgracia\/?p=4782","title":{"rendered":"Saps qu\u00e8 \u00e9s el Voluntariat per la llengua?"},"content":{"rendered":"<p><span style=\"color: #333399;\"><strong>Dimarts 18 d&#8217;abril, a les 19.00 h<\/strong><\/span><\/p>\n<p><span style=\"color: #333399;\"><strong>Centre C\u00edvic Vil\u00b7la Florida (c\/ Muntaner, 544)<\/strong><\/span><\/p>\n<p>Vols con\u00e8ixer el VxL? \u00c9s un programa per practicar catal\u00e0 a trav\u00e9s de la conversa. Es basa en la creaci\u00f3 de parelles ling\u00fc\u00edstiques formades per un voluntari o volunt\u00e0ria, que parla catal\u00e0 fluidament, i un aprenent o aprenenta, que en t\u00e9 coneixements b\u00e0sics i vol adquirir flu\u00efdesa.<\/p>\n<p>T&#8217;interessa i vols tenir m\u00e9s informaci\u00f3? Vine a la presentaci\u00f3. T&#8217;hi esperem!<\/p>\n<p><img loading=\"lazy\" decoding=\"async\" class=\"alignnone wp-image-4805\" src=\"https:\/\/blogs.cpnl.cat\/sarriaambgracia\/files\/2023\/01\/Presentacio-VxL-CCVill-a-Florida-1-214x300.jpg\" alt=\"\" width=\"245\" height=\"343\" srcset=\"https:\/\/blogs.cpnl.cat\/sarriaambgracia\/files\/2023\/01\/Presentacio-VxL-CCVill-a-Florida-1-214x300.jpg 214w, https:\/\/blogs.cpnl.cat\/sarriaambgracia\/files\/2023\/01\/Presentacio-VxL-CCVill-a-Florida-1-732x1024.jpg 732w, https:\/\/blogs.cpnl.cat\/sarriaambgracia\/files\/2023\/01\/Presentacio-VxL-CCVill-a-Florida-1-768x1075.jpg 768w, https:\/\/blogs.cpnl.cat\/sarriaambgracia\/files\/2023\/01\/Presentacio-VxL-CCVill-a-Florida-1-1097x1536.jpg 1097w, https:\/\/blogs.cpnl.cat\/sarriaambgracia\/files\/2023\/01\/Presentacio-VxL-CCVill-a-Florida-1.jpg 1429w\" sizes=\"auto, (max-width: 245px) 100vw, 245px\" \/><\/p>\n","protected":false},"excerpt":{"rendered":"<p>Dimarts 18 d&#8217;abril, a les 19.00 h Centre C\u00edvic Vil\u00b7la Florida (c\/ Muntaner, 544) Vols con\u00e8ixer el VxL? \u00c9s un programa per practicar catal\u00e0 a trav\u00e9s de la conversa. Es basa en la creaci\u00f3 de parelles ling\u00fc\u00edstiques formades per un voluntari o volunt\u00e0ria, que parla catal\u00e0 fluidament, i un aprenent o aprenenta, que en t\u00e9 [&hellip;]<\/p>\n","protected":false},"author":527,"featured_media":0,"comment_status":"open","ping_status":"closed","sticky":false,"template":"","format":"standard","meta":{"ngg_post_thumbnail":0,"footnotes":""},"categories":[6],"tags":[],"class_list":["post-4782","post","type-post","status-publish","format-standard","hentry","category-general"],"_links":{"self":[{"href":"https:\/\/blogs.cpnl.cat\/sarriaambgracia\/index.php?rest_route=\/wp\/v2\/posts\/4782","targetHints":{"allow":["GET"]}}],"collection":[{"href":"https:\/\/blogs.cpnl.cat\/sarriaambgracia\/index.php?rest_route=\/wp\/v2\/posts"}],"about":[{"href":"https:\/\/blogs.cpnl.cat\/sarriaambgracia\/index.php?rest_route=\/wp\/v2\/types\/post"}],"author":[{"embeddable":true,"href":"https:\/\/blogs.cpnl.cat\/sarriaambgracia\/index.php?rest_route=\/wp\/v2\/users\/527"}],"replies":[{"embeddable":true,"href":"https:\/\/blogs.cpnl.cat\/sarriaambgracia\/index.php?rest_route=%2Fwp%2Fv2%2Fcomments&post=4782"}],"version-history":[{"count":0,"href":"https:\/\/blogs.cpnl.cat\/sarriaambgracia\/index.php?rest_route=\/wp\/v2\/posts\/4782\/revisions"}],"wp:attachment":[{"href":"https:\/\/blogs.cpnl.cat\/sarriaambgracia\/index.php?rest_route=%2Fwp%2Fv2%2Fmedia&parent=4782"}],"wp:term":[{"taxonomy":"category","embeddable":true,"href":"https:\/\/blogs.cpnl.cat\/sarriaambgracia\/index.php?rest_route=%2Fwp%2Fv2%2Fcategories&post=4782"},{"taxonomy":"post_tag","embeddable":true,"href":"https:\/\/blogs.cpnl.cat\/sarriaambgracia\/index.php?rest_route=%2Fwp%2Fv2%2Ftags&post=4782"}],"curies":[{"name":"wp","href":"https:\/\/api.w.org\/{rel}","templated":true}]}}