{"id":4856,"date":"2023-03-10T14:44:31","date_gmt":"2023-03-10T13:44:31","guid":{"rendered":"https:\/\/blogs.cpnl.cat\/sarriaambgracia\/?p=4856"},"modified":"2023-03-13T12:08:07","modified_gmt":"2023-03-13T11:08:07","slug":"inscripcions-als-cursos-de-catala-per-al-tercer-trimestre","status":"publish","type":"post","link":"https:\/\/blogs.cpnl.cat\/sarriaambgracia\/?p=4856","title":{"rendered":"Matr\u00edcula per als cursos del 3r trimestre"},"content":{"rendered":"<p>Dates d\u2019inscripci\u00f3 per al tercer trimestre:<\/p>\n<table>\n<tbody>\n<tr>\n<td><strong>27 de mar\u00e7<\/strong>\u00a0\u2013 Torn preferent<\/td>\n<\/tr>\n<tr>\n<td><strong>28 i 29 de mar\u00e7<\/strong>\u00a0\u2013 Torn general<\/td>\n<\/tr>\n<tr>\n<td><strong>11 i 12 d\u2019abril<\/strong>\u00a0\u2013 Inici dels cursos<\/td>\n<\/tr>\n<\/tbody>\n<\/table>\n<p>Per sol\u00b7licitar fer la prova de col\u00b7locaci\u00f3 podeu clicar <a href=\"https:\/\/www.cpnl.cat\/troba-el-teu-curs-de-catala\/no-se-quin-nivell-tinc\">aqu\u00ed<\/a>.<\/p>\n<p>Tota la informaci\u00f3 sobre les inscripcions es pot consultar a\u00a0<a href=\"https:\/\/www.cpnl.cat\/inscripcions\/\">https:\/\/www.cpnl.cat\/inscripcions\/<\/a>.<\/p>\n<p><img loading=\"lazy\" decoding=\"async\" class=\"alignnone  wp-image-4858\" src=\"https:\/\/blogs.cpnl.cat\/sarriaambgracia\/files\/2023\/03\/Sense-titol-3-300x146.jpg\" alt=\"\" width=\"436\" height=\"212\" srcset=\"https:\/\/blogs.cpnl.cat\/sarriaambgracia\/files\/2023\/03\/Sense-titol-3-300x146.jpg 300w, https:\/\/blogs.cpnl.cat\/sarriaambgracia\/files\/2023\/03\/Sense-titol-3-1024x499.jpg 1024w, https:\/\/blogs.cpnl.cat\/sarriaambgracia\/files\/2023\/03\/Sense-titol-3-768x374.jpg 768w, https:\/\/blogs.cpnl.cat\/sarriaambgracia\/files\/2023\/03\/Sense-titol-3.jpg 1110w\" sizes=\"auto, (max-width: 436px) 100vw, 436px\" \/><\/p>\n","protected":false},"excerpt":{"rendered":"<p>Dates d\u2019inscripci\u00f3 per al tercer trimestre: 27 de mar\u00e7\u00a0\u2013 Torn preferent 28 i 29 de mar\u00e7\u00a0\u2013 Torn general 11 i 12 d\u2019abril\u00a0\u2013 Inici dels cursos Per sol\u00b7licitar fer la prova de col\u00b7locaci\u00f3 podeu clicar aqu\u00ed. Tota la informaci\u00f3 sobre les inscripcions es pot consultar a\u00a0https:\/\/www.cpnl.cat\/inscripcions\/.<\/p>\n","protected":false},"author":527,"featured_media":0,"comment_status":"open","ping_status":"closed","sticky":false,"template":"","format":"standard","meta":{"ngg_post_thumbnail":0,"footnotes":""},"categories":[6,77424],"tags":[],"class_list":["post-4856","post","type-post","status-publish","format-standard","hentry","category-general","category-lespai-dels-professors"],"_links":{"self":[{"href":"https:\/\/blogs.cpnl.cat\/sarriaambgracia\/index.php?rest_route=\/wp\/v2\/posts\/4856","targetHints":{"allow":["GET"]}}],"collection":[{"href":"https:\/\/blogs.cpnl.cat\/sarriaambgracia\/index.php?rest_route=\/wp\/v2\/posts"}],"about":[{"href":"https:\/\/blogs.cpnl.cat\/sarriaambgracia\/index.php?rest_route=\/wp\/v2\/types\/post"}],"author":[{"embeddable":true,"href":"https:\/\/blogs.cpnl.cat\/sarriaambgracia\/index.php?rest_route=\/wp\/v2\/users\/527"}],"replies":[{"embeddable":true,"href":"https:\/\/blogs.cpnl.cat\/sarriaambgracia\/index.php?rest_route=%2Fwp%2Fv2%2Fcomments&post=4856"}],"version-history":[{"count":0,"href":"https:\/\/blogs.cpnl.cat\/sarriaambgracia\/index.php?rest_route=\/wp\/v2\/posts\/4856\/revisions"}],"wp:attachment":[{"href":"https:\/\/blogs.cpnl.cat\/sarriaambgracia\/index.php?rest_route=%2Fwp%2Fv2%2Fmedia&parent=4856"}],"wp:term":[{"taxonomy":"category","embeddable":true,"href":"https:\/\/blogs.cpnl.cat\/sarriaambgracia\/index.php?rest_route=%2Fwp%2Fv2%2Fcategories&post=4856"},{"taxonomy":"post_tag","embeddable":true,"href":"https:\/\/blogs.cpnl.cat\/sarriaambgracia\/index.php?rest_route=%2Fwp%2Fv2%2Ftags&post=4856"}],"curies":[{"name":"wp","href":"https:\/\/api.w.org\/{rel}","templated":true}]}}